{"id":1294,"date":"2026-02-19T12:30:08","date_gmt":"2026-02-19T12:30:08","guid":{"rendered":"https:\/\/carvalhahouse.pt\/?p=1294"},"modified":"2026-03-02T15:09:31","modified_gmt":"2026-03-02T15:09:31","slug":"sounds-de-vez-2026-lapercu-du-printemps-a-arcos-de-valdevez","status":"publish","type":"post","link":"https:\/\/carvalhahouse.pt\/fr\/eventos\/sons-de-vez-2026-o-vislumbre-da-primavera-em-arcos-de-valdevez\/","title":{"rendered":"Sons de Vez 2026 - Un aper\u00e7u du printemps \u00e0 Arcos de Valdevez"},"content":{"rendered":"<p>O <strong>Les sons du temps<\/strong> est l'un des festivals les plus embl\u00e9matiques consacr\u00e9s exclusivement \u00e0 la musique portugaise. Il se d\u00e9roule \u00e0 <strong>Arcos de Valdevez<\/strong>, \u00e0 <strong>Maison des arts<\/strong>, et est traditionnellement le <strong>premier festival de l'ann\u00e9e<\/strong> au Portugal. En 2026, elle c\u00e9l\u00e8bre pr\u00e8s de <strong>un quart de si\u00e8cle d'histoire<\/strong>.<\/p>\n\n\n\n<p>Le Festival 2026 se d\u00e9roule sur 8 samedis entre le 7 f\u00e9vrier et le 28 mars 2026. Tous les concerts commencent \u00e0 22h00.<\/p>\n\n\n\n<h2 class=\"wp-block-heading\">La programmation compl\u00e8te comprend 14 artistes qui se produiront au cours de huit soir\u00e9es :<\/h2>\n\n\n\n<h3 class=\"wp-block-heading\">7 f\u00e9vrier : -Tiago Bettencourt - Rui Fernandes Quartet<\/h3>\n\n\n\n<h3 class=\"wp-block-heading\">14 f\u00e9vrier : - Retimbrar - L'homme en catharsis<\/h3>\n\n\n\n<h3 class=\"wp-block-heading\">21 f\u00e9vrier : - Milhanas - Daniela Galhoz<\/h3>\n\n\n\n<h3 class=\"wp-block-heading\">28 f\u00e9vrier : - Pas la fille - Amy Rigby<\/h3>\n\n\n\n<h3 class=\"wp-block-heading\">7 mars : - Carl\u00e3o<\/h3>\n\n\n\n<h3 class=\"wp-block-heading\">14 mars : - PAUS - MONCHMONCH<\/h3>\n\n\n\n<h3 class=\"wp-block-heading\">21 mars : - Meilleure jeunesse - Ardours<\/h3>\n\n\n\n<h3 class=\"wp-block-heading\">28 mars : - Delfins<\/h3>\n\n\n\n<p>Les <strong>les points forts de la question,<\/strong> Il s'agit, bien s\u00fbr, du retour de noms notables tels que <strong>Tiago Bettencourt<\/strong>, <strong>Carl\u00e3o<\/strong> e <strong>Delfins<\/strong>. Un engagement fort en faveur de la diversit\u00e9 de la musique portugaise contemporaine, dans une atmosph\u00e8re intime et interg\u00e9n\u00e9rationnelle, caract\u00e9ristique de la Casa das Artes.<\/p>\n\n\n\n<p>O <strong>Les sons du temps 2026<\/strong> remplira \u00e0 nouveau Arcos de Valdevez de musique, de culture et d'\u00e9nergie entre f\u00e9vrier et mars, avec huit soir\u00e9es consacr\u00e9es au meilleur de la musique portugaise. \u00c0 la Casa das Artes, le public assistera \u00e0 des concerts intenses, intimes et inoubliables.<\/p>\n\n\n\n<p>Et parce que Sons de Vez ne se limite pas \u00e0 la musique, la r\u00e9gion propose des exp\u00e9riences uniques :<\/p>\n\n\n\n<p><strong>\u2022 <\/strong>Rails en <strong>Parc national de Peneda-Ger\u00eas<\/strong>;<\/p>\n\n\n\n<p><strong>\u2022<\/strong> Promenades au bord de l'eau <strong>River Vez<\/strong>;<\/p>\n\n\n\n<p><strong>\u2022<\/strong> Cuisine authentique du Minho ;<\/p>\n\n\n\n<p><strong>\u2022 <\/strong>Un patrimoine historique qui vous invite \u00e0 d\u00e9couvrir tous les recoins de la ville. Un festival \u00e0 ressentir, \u00e0 explorer et \u00e0 savourer.<\/p>\n\n\n\n<figure class=\"wp-block-image size-full\"><img loading=\"lazy\" decoding=\"async\" width=\"1024\" height=\"576\" src=\"https:\/\/carvalhahouse.pt\/wp-content\/uploads\/2026\/02\/image.png\" alt=\"\" class=\"wp-image-1295\" srcset=\"https:\/\/carvalhahouse.pt\/wp-content\/uploads\/2026\/02\/image.png 1024w, https:\/\/carvalhahouse.pt\/wp-content\/uploads\/2026\/02\/image-980x551.png 980w, https:\/\/carvalhahouse.pt\/wp-content\/uploads\/2026\/02\/image-480x270.png 480w\" sizes=\"(min-width: 0px) and (max-width: 480px) 480px, (min-width: 481px) and (max-width: 980px) 980px, (min-width: 981px) 1024px, 100vw\" \/><\/figure>\n\n\n\n<h1 class=\"wp-block-heading\">Proposition de guide touristique complet : Sons de Vez + Arcos de Valdevez<\/h1>\n\n\n\n<ul class=\"wp-block-list\">\n<li>Le festival : organis\u00e9 \u00e0 la Casa das Artes, huit nuits de concerts entre le 7 f\u00e9vrier et le 28 mars 2026, dans un cadre intime, avec une programmation portugaise de 100% et des artistes de premier plan.<\/li>\n\n\n\n<li>Nature et paysage - Parc national de Peneda-Ger\u00eas : sentiers embl\u00e9matiques (Mezio, Soajo, Porta do Lindoso) ; lagunes naturelles et points de vue impressionnants ; villages traditionnels pr\u00e9serv\u00e9s. - Rivi\u00e8re Vez et zones riveraines : Ecovia do Vez (id\u00e9al pour les randonn\u00e9es \u00e0 pied ou \u00e0 v\u00e9lo) ; plages fluviales et zones de loisirs ; cano\u00eb-kayak et paddle-board dans un environnement paisible.<\/li>\n\n\n\n<li>Gastronomie : Arroz de sarrabulho, carne cachena, roj\u00f5es, truta do Vez ; Produits du terroir : miel, fromages, charcuterie, vinho verde ; Restaurants qui valorisent la cuisine traditionnelle du Minho.<\/li>\n\n\n\n<li>Culture et patrimoine : Centre historique avec \u00e9glises, ponts et demeures seigneuriales ; Sanctuaire de Nossa Senhora da Peneda ; Villages de Soajo et Sistelo (le \u201cpetit Tibet portugais\u201d).<\/li>\n\n\n\n<li>Loisirs et activit\u00e9s : v\u00e9lo de montagne, course \u00e0 pied, promenades guid\u00e9es ; march\u00e9s locaux et artisanat ; programme culturel compl\u00e9mentaire \u00e0 la Casa das Artes.<\/li>\n<\/ul>\n\n\n\n<h1 class=\"wp-block-heading\">Proposition de programmes de 1 et 2 jours<\/h1>\n\n\n\n<p><strong>Programme d'une journ\u00e9e : Musique + Nature<\/strong><\/p>\n\n\n\n<p><strong>Matin : <\/strong>Promenade \u00e0 travers <strong>Ecovia do Vez<\/strong> (section Arcos \u2192 Vilela) ; Caf\u00e9 dans le centre historique<\/p>\n\n\n\n<p><strong>D\u00e9jeuner : <\/strong>Restaurant typique avec sarrabulho ou truite<\/p>\n\n\n\n<p><strong>L'apr\u00e8s-midi : <\/strong>Visite de Soajo ou Sistelo ; point de vue et photographie de paysage<\/p>\n\n\n\n<p><strong>Soir\u00e9e : <\/strong>Le <strong>Les sons du temps<\/strong> \u00e0 la Maison des Arts<\/p>\n\n\n\n<p><strong>H\u00e9bergement : <\/strong><a href=\"http:\/\/www.CarvalhaHouse.pt\"><strong>www.CarvalhaHouse.pt<\/strong><\/a><strong> Visitez notre site web ... Consultez nos offres ...<\/strong><\/p>\n\n\n\n<ul class=\"wp-block-list\">\n<li><strong>Programme de 2 jours : immersion totale :<\/strong><\/li>\n<\/ul>\n\n\n\n<ul class=\"wp-block-list\">\n<li><strong>Jour 1 - Culture et saveurs :<\/strong><\/li>\n<\/ul>\n\n\n\n<p><strong>&nbsp;Visite du centre historique ; Visite de la Maison des Arts ; D\u00e9jeuner gastronomique<\/strong> r\u00e9gional<strong>;<\/strong> Apr\u00e8s-midi \u00e0 Sistelo (promenades et terrasses)<strong>;<\/strong> D\u00eener dans le centre<strong>; <\/strong>Concert du festival <a href=\"http:\/\/www.CarvalhaHouse.pt\"><strong>www.CarvalhaHouse.pt<\/strong><\/a><strong> Visitez notre site web !...<\/strong><\/p>\n\n\n\n<ul class=\"wp-block-list\">\n<li><strong>Jour 2 - Nature et aventure : <\/strong><\/li>\n<\/ul>\n\n\n\n<p>Matin \u00e0 <strong>Parc national de Peneda-Ger\u00eas<\/strong> (Porta do Mezio) ; court sentier ou visite d'interpr\u00e9tation ; d\u00e9jeuner \u00e0 Soajo ; apr\u00e8s-midi de d\u00e9tente au bord de la rivi\u00e8re Vez ; retour avec un arr\u00eat pour acheter des produits locaux ; prise en charge \u00e0 l'adresse suivante <a href=\"http:\/\/www.CarvalhaHouse.pt\"><strong>www.CarvalhaHouse.pt<\/strong><\/a><strong> Consultez nos offres !...<\/strong><\/p>\n\n\n\n<p><strong>Venez et laissez-vous surprendre !<\/strong><\/p>","protected":false},"excerpt":{"rendered":"<p>O Sons de Vez \u00e9 um dos festivais mais emblem\u00e1ticos dedicados exclusivamente \u00e0 m\u00fasica portuguesa. Realiza\u2011se em Arcos de Valdevez, na Casa das Artes, e \u00e9 tradicionalmente o primeiro festival do ano em Portugal. Em 2026, celebra quase um quarto de s\u00e9culo de hist\u00f3ria. O Festival de 2026 decorre ao longo de 8 s\u00e1bados, entre: [&hellip;]<\/p>\n","protected":false},"author":2,"featured_media":1296,"comment_status":"open","ping_status":"closed","sticky":false,"template":"","format":"standard","meta":{"_et_pb_use_builder":"off","_et_pb_old_content":"<!-- wp:paragraph -->\n<p>O <strong>Sons de Vez<\/strong> \u00e9 um dos festivais mais emblem\u00e1ticos dedicados exclusivamente \u00e0 m\u00fasica portuguesa. Realiza\u2011se em <strong>Arcos de Valdevez<\/strong>, na <strong>Casa das Artes<\/strong>, e \u00e9 tradicionalmente o <strong>primeiro festival do ano<\/strong> em Portugal. Em 2026, celebra quase <strong>um quarto de s\u00e9culo de hist\u00f3ria<\/strong>.<\/p>\n<!-- \/wp:paragraph -->\n\n<!-- wp:paragraph -->\n<p>O Festival de 2026 decorre ao longo de 8 s\u00e1bados, entre: 7 de fevereiro e 28 de mar\u00e7o de 2026 Todos os concertos come\u00e7am \u00e0s 22h00.<\/p>\n<!-- \/wp:paragraph -->\n\n<!-- wp:heading -->\n<h2 class=\"wp-block-heading\">O Cartaz completo integra 14 artistas que marcam presen\u00e7a nas 8 noites em que atuam:<\/h2>\n<!-- \/wp:heading -->\n\n<!-- wp:heading {\"level\":3} -->\n<h3 class=\"wp-block-heading\">7 fevereiro: \u2022Tiago Bettencourt&nbsp; \u2022 Rui Fernandes Quarteto<\/h3>\n<!-- \/wp:heading -->\n\n<!-- wp:heading {\"level\":3} -->\n<h3 class=\"wp-block-heading\">14 fevereiro: \u2022 Retimbrar&nbsp; \u2022Homem em Catarse<\/h3>\n<!-- \/wp:heading -->\n\n<!-- wp:heading {\"level\":3} -->\n<h3 class=\"wp-block-heading\">21 fevereiro: \u2022 Milhanas&nbsp; \u2022 Daniela Galhoz<\/h3>\n<!-- \/wp:heading -->\n\n<!-- wp:heading {\"level\":3} -->\n<h3 class=\"wp-block-heading\">28 fevereiro: \u2022 A Garota N\u00e3o&nbsp; \u2022 Amy Rigby<\/h3>\n<!-- \/wp:heading -->\n\n<!-- wp:heading {\"level\":3} -->\n<h3 class=\"wp-block-heading\">7 mar\u00e7o: \u2022 Carl\u00e3o<\/h3>\n<!-- \/wp:heading -->\n\n<!-- wp:heading {\"level\":3} -->\n<h3 class=\"wp-block-heading\">14 mar\u00e7o: \u2022 PAUS&nbsp; \u2022 MONCHMONCH<\/h3>\n<!-- \/wp:heading -->\n\n<!-- wp:heading {\"level\":3} -->\n<h3 class=\"wp-block-heading\">21 mar\u00e7o: \u2022 Best Youth&nbsp; \u2022 Ardours<\/h3>\n<!-- \/wp:heading -->\n\n<!-- wp:heading {\"level\":3} -->\n<h3 class=\"wp-block-heading\">28 mar\u00e7o: \u2022 Delfins<\/h3>\n<!-- \/wp:heading -->\n\n<!-- wp:paragraph -->\n<p>Os <strong>destaques da edi\u00e7\u00e3o,<\/strong> s\u00e3o naturalmente o regresso de nomes marcantes como <strong>Tiago Bettencourt<\/strong>, <strong>Carl\u00e3o<\/strong> e <strong>Delfins<\/strong>. Forte aposta na diversidade da m\u00fasica portuguesa contempor\u00e2nea, num ambiente intimista e intergeracional, caracter\u00edstico da Casa das Artes.<\/p>\n<!-- \/wp:paragraph -->\n\n<!-- wp:paragraph -->\n<p>O <strong>Sons de Vez 2026<\/strong> volta a encher Arcos de Valdevez de m\u00fasica, cultura e energia, entre fevereiro e mar\u00e7o, com oito noites dedicadas ao melhor da cria\u00e7\u00e3o musical portuguesa. Na Casa das Artes, o p\u00fablico vive concertos intensos, pr\u00f3ximos e inesquec\u00edveis.<\/p>\n<!-- \/wp:paragraph -->\n\n<!-- wp:paragraph -->\n<p>E porque o Sons de Vez \u00e9 mais do que m\u00fasica, a regi\u00e3o oferece experi\u00eancias \u00fanicas: <strong>\u2022 <\/strong>Trilhos no <strong>Parque Nacional da Peneda\u2011Ger\u00eas<\/strong>; <strong>\u2022<\/strong> Passeios junto ao <strong>rio Vez<\/strong>; <strong>\u2022<\/strong> Gastronomia minhota aut\u00eantica; <strong>\u2022 <\/strong>Um patrim\u00f3nio hist\u00f3rico que convida a descobrir cada recanto da Vila. Um Festival para sentir, explorar e saborear.<\/p>\n<!-- \/wp:paragraph -->\n\n<!-- wp:image {\"id\":1295,\"sizeSlug\":\"full\",\"linkDestination\":\"none\"} -->\n<figure class=\"wp-block-image size-full\"><img src=\"https:\/\/carvalhahouse.pt\/wp-content\/uploads\/2026\/02\/image.png\" alt=\"\" class=\"wp-image-1295\"\/><\/figure>\n<!-- \/wp:image -->\n\n<!-- wp:heading {\"level\":1} -->\n<h1 class=\"wp-block-heading\">Proposta de Guia Tur\u00edstico Completo: Sons de Vez + Arcos de Valdevez<\/h1>\n<!-- \/wp:heading -->\n\n<!-- wp:heading {\"level\":6} -->\n<h6 class=\"wp-block-heading\">\u2022&nbsp;&nbsp;&nbsp;&nbsp;&nbsp; O Festival: Realiza\u2011se na Casa das Artes, Oito noites de concertos entre 7 de fevereiro e 28 de mar\u00e7o de 2026, em Ambiente intimista, programa\u00e7\u00e3o 100% portuguesa e artistas de refer\u00eancia<\/h6>\n<!-- \/wp:heading -->\n\n<!-- wp:heading {\"level\":6} -->\n<h6 class=\"wp-block-heading\">\u2022&nbsp;&nbsp;&nbsp;&nbsp;&nbsp; Natureza e Paisagem - Parque Nacional da Peneda\u2011Ger\u00eas: Trilhos emblem\u00e1ticos (Mezio, Soajo, Porta do Lindoso); Lagoas naturais e miradouros impressionantes; Aldeias tradicionais preservadas. - Rio Vez e zonas ribeirinhas: Ecovia do Vez (ideal para caminhada ou bicicleta); Praias fluviais e \u00e1reas de lazer; Canoagem e paddle em ambiente tranquilo<\/h6>\n<!-- \/wp:heading -->\n\n<!-- wp:heading {\"level\":6} -->\n<h6 class=\"wp-block-heading\">\u2022&nbsp;&nbsp;&nbsp;&nbsp;&nbsp; Gastronomia: Arroz de sarrabulho, carne cachena, roj\u00f5es, truta do Vez; Produtos locais: mel, queijos, enchidos, vinho verde; Restaurantes que valorizam a cozinha tradicional minhota<\/h6>\n<!-- \/wp:heading -->\n\n<!-- wp:heading {\"level\":6} -->\n<h6 class=\"wp-block-heading\">\u2022&nbsp;&nbsp;&nbsp;&nbsp;&nbsp; Cultura e Patrim\u00f3nio: Centro hist\u00f3rico com igrejas, pontes e casas senhoriais; Santu\u00e1rio de Nossa Senhora da Peneda; Aldeias de Soajo e Sistelo (a \u201cpequena Tibete portuguesa\u201d)<\/h6>\n<!-- \/wp:heading -->\n\n<!-- wp:heading {\"level\":6} -->\n<h6 class=\"wp-block-heading\">\u2022&nbsp;&nbsp;&nbsp;&nbsp;&nbsp; Lazer e Atividades: BTT, trail, passeios guiados; Mercados locais e artesanato; Programa\u00e7\u00e3o cultural complementar na Casa das Artes<\/h6>\n<!-- \/wp:heading -->\n\n<!-- wp:heading {\"level\":1} -->\n<h1 class=\"wp-block-heading\">Proposta de Programas de 1 e 2 dias<\/h1>\n<!-- \/wp:heading -->\n\n<!-- wp:heading -->\n<h2 class=\"wp-block-heading\">\u2022&nbsp;&nbsp;&nbsp;&nbsp;&nbsp; Programa de 1 dia: M\u00fasica + Natureza<\/h2>\n<!-- \/wp:heading -->\n\n<!-- wp:paragraph -->\n<p><strong>Manh\u00e3: <\/strong>Passeio pela <strong>Ecovia do Vez<\/strong> (trecho Arcos \u2192 Vilela); Caf\u00e9 no centro hist\u00f3rico<\/p>\n<!-- \/wp:paragraph -->\n\n<!-- wp:paragraph -->\n<p><strong>Almo\u00e7o: <\/strong>Restaurante t\u00edpico com sarrabulho ou truta<\/p>\n<!-- \/wp:paragraph -->\n\n<!-- wp:paragraph -->\n<p><strong>Tarde: <\/strong>Visita ao Soajo ou Sistelo; Miradouro e fotografia de paisagem<\/p>\n<!-- \/wp:paragraph -->\n\n<!-- wp:paragraph -->\n<p><strong>Noite: <\/strong>Concerto do <strong>Sons de Vez<\/strong> na Casa das Artes<\/p>\n<!-- \/wp:paragraph -->\n\n<!-- wp:paragraph -->\n<p><strong>Alojamento: <\/strong><a href=\"http:\/\/www.CarvalhaHouse.pt\"><strong>www.CarvalhaHouse.pt<\/strong><\/a><strong> Visite o nosso Site!... Consulte as nossas Propostas!...<\/strong><\/p>\n<!-- \/wp:paragraph -->\n\n<!-- wp:list -->\n<ul class=\"wp-block-list\"><!-- wp:list-item -->\n<li><strong>Programa de 2 dias: Imers\u00e3o total:<\/strong><\/li>\n<!-- \/wp:list-item --><\/ul>\n<!-- \/wp:list -->\n\n<!-- wp:list -->\n<ul class=\"wp-block-list\"><!-- wp:list-item -->\n<li><strong>Dia 1 \u2013 Cultura e Sabores:<\/strong><\/li>\n<!-- \/wp:list-item --><\/ul>\n<!-- \/wp:list -->\n\n<!-- wp:paragraph -->\n<p><strong>&nbsp;Passeio pelo centro hist\u00f3rico; Visita \u00e0 Casa das Artes; Almo\u00e7o com gastronomia<\/strong> regional<strong>;<\/strong> Tarde em Sistelo (passadi\u00e7os e socalcos)<strong>;<\/strong> Jantar no centro<strong>; <\/strong>Concerto do festival; Recolher \u00e0 <a href=\"http:\/\/www.CarvalhaHouse.pt\"><strong>www.CarvalhaHouse.pt<\/strong><\/a><strong> Visite o nosso Site!...<\/strong><\/p>\n<!-- \/wp:paragraph -->\n\n<!-- wp:list -->\n<ul class=\"wp-block-list\"><!-- wp:list-item -->\n<li><strong>Dia 2 \u2013 Natureza e Aventura: <\/strong><\/li>\n<!-- \/wp:list-item --><\/ul>\n<!-- \/wp:list -->\n\n<!-- wp:paragraph -->\n<p>Manh\u00e3 no <strong>Parque Nacional da Peneda\u2011Ger\u00eas<\/strong> (Porta do Mezio); Trilho curto ou visita interpretativa; Almo\u00e7o em Soajo; Tarde relaxante junto ao rio Vez; Regresso com paragem para produtos locais; Recolher \u00e0 <a href=\"http:\/\/www.CarvalhaHouse.pt\"><strong>www.CarvalhaHouse.pt<\/strong><\/a><strong> Consulte as nossas Propostas!...<\/strong><\/p>\n<!-- \/wp:paragraph -->\n\n<!-- wp:paragraph -->\n<p><strong>Venha Surpreender-se!<\/strong><\/p>\n<!-- \/wp:paragraph -->","_et_gb_content_width":"","footnotes":""},"categories":[27],"tags":[],"hf_cat_post":[],"class_list":["post-1294","post","type-post","status-publish","format-standard","has-post-thumbnail","hentry","category-eventos"],"_links":{"self":[{"href":"https:\/\/carvalhahouse.pt\/fr\/wp-json\/wp\/v2\/posts\/1294","targetHints":{"allow":["GET"]}}],"collection":[{"href":"https:\/\/carvalhahouse.pt\/fr\/wp-json\/wp\/v2\/posts"}],"about":[{"href":"https:\/\/carvalhahouse.pt\/fr\/wp-json\/wp\/v2\/types\/post"}],"author":[{"embeddable":true,"href":"https:\/\/carvalhahouse.pt\/fr\/wp-json\/wp\/v2\/users\/2"}],"replies":[{"embeddable":true,"href":"https:\/\/carvalhahouse.pt\/fr\/wp-json\/wp\/v2\/comments?post=1294"}],"version-history":[{"count":0,"href":"https:\/\/carvalhahouse.pt\/fr\/wp-json\/wp\/v2\/posts\/1294\/revisions"}],"wp:featuredmedia":[{"embeddable":true,"href":"https:\/\/carvalhahouse.pt\/fr\/wp-json\/wp\/v2\/media\/1296"}],"wp:attachment":[{"href":"https:\/\/carvalhahouse.pt\/fr\/wp-json\/wp\/v2\/media?parent=1294"}],"wp:term":[{"taxonomy":"category","embeddable":true,"href":"https:\/\/carvalhahouse.pt\/fr\/wp-json\/wp\/v2\/categories?post=1294"},{"taxonomy":"post_tag","embeddable":true,"href":"https:\/\/carvalhahouse.pt\/fr\/wp-json\/wp\/v2\/tags?post=1294"},{"taxonomy":"hf_cat_post","embeddable":true,"href":"https:\/\/carvalhahouse.pt\/fr\/wp-json\/wp\/v2\/hf_cat_post?post=1294"}],"curies":[{"name":"wp","href":"https:\/\/api.w.org\/{rel}","templated":true}]}}