{"id":1151,"date":"2025-12-16T16:44:40","date_gmt":"2025-12-16T16:44:40","guid":{"rendered":"https:\/\/carvalhahouse.pt\/?p=1151"},"modified":"2026-01-02T16:02:26","modified_gmt":"2026-01-02T16:02:26","slug":"le-haut-minho-ou-la-nature-ralentit-le-rythme","status":"publish","type":"post","link":"https:\/\/carvalhahouse.pt\/fr\/guias\/alto-minho-onde-a-natureza-abranda-o-ritmo\/","title":{"rendered":"Alto Minho \u2014 L\u00e0 o\u00f9 la nature ralentit le rythme"},"content":{"rendered":"<p>Situ\u00e9 au nord-ouest du Portugal, l'Alto Minho est une terre fa\u00e7onn\u00e9e par les rivi\u00e8res, les montagnes et les traditions.<br>Ici, le temps s'\u00e9coule plus sereinement. La nature n'est pas un simple d\u00e9cor, elle fait partie de la vie quotidienne.<br>C'est un endroit o\u00f9 l'on respire profond\u00e9ment, o\u00f9 l'on retrouve son \u00e9quilibre et o\u00f9 l'on se sent vraiment chez soi.<\/p>\n\n\n\n<h3 class=\"wp-block-heading\">La nature \u00e0 l'\u00e9tat pur, \u00e0 son rythme<\/h3>\n\n\n\n<p><strong>Parc national de Peneda-Ger\u00eas<\/strong><br>Les montagnes anciennes, les cascades et les paysages pr\u00e9serv\u00e9s vous invitent \u00e0 de longues promenades, \u00e0 des matins calmes et \u00e0 des respirations profondes.<\/p>\n\n\n\n<p><strong>Le rythme des rivi\u00e8res Vez et Lima<\/strong><br>Eaux cristallines, chemins riverains et berges ombrag\u00e9es : ici, c'est la nature qui donne le ton, et nous nous contentons de la suivre.<\/p>\n\n\n\n<p><strong>Villages intemporels<\/strong><br>D\u00e9couvrez Sistelo, le \u201cTibet portugais\u201d, et les embl\u00e9matiques greniers en pierre de Soajo, symboles vivants du patrimoine rural du Minho.<\/p>\n\n\n\n<figure class=\"wp-block-gallery has-nested-images columns-default is-cropped wp-block-gallery-1 is-layout-flex wp-block-gallery-is-layout-flex\">\n<figure class=\"wp-block-image size-large\"><img loading=\"lazy\" decoding=\"async\" width=\"1024\" height=\"572\" data-id=\"1152\" src=\"https:\/\/carvalhahouse.pt\/wp-content\/uploads\/2025\/12\/unnamed-1-1024x572.png\" alt=\"\" class=\"wp-image-1152\" srcset=\"https:\/\/carvalhahouse.pt\/wp-content\/uploads\/2025\/12\/unnamed-1-980x547.png 980w, https:\/\/carvalhahouse.pt\/wp-content\/uploads\/2025\/12\/unnamed-1-480x268.png 480w\" sizes=\"(min-width: 0px) and (max-width: 480px) 480px, (min-width: 481px) and (max-width: 980px) 980px, (min-width: 981px) 1024px, 100vw\" \/><\/figure>\n<\/figure>\n\n\n\n<h3 class=\"wp-block-heading\">Les saveurs authentiques du Minho<\/h3>\n\n\n\n<p><strong>Vinho Verde frais<\/strong><br>L\u00e9ger, vibrant et profond\u00e9ment connect\u00e9 \u00e0 la terre - le compagnon id\u00e9al pour les apr\u00e8s-midi de d\u00e9tente.<\/p>\n\n\n\n<p><strong>Gastronomie traditionnelle du Minho<\/strong><br>Des saveurs authentiques, des ingr\u00e9dients locaux et des recettes transmises de g\u00e9n\u00e9ration en g\u00e9n\u00e9ration.<\/p>\n\n\n\n<p><strong>Gravier<\/strong><br><strong>Viande de Cachena d'Arcos de Valdevez<\/strong><\/p>\n\n\n\n<p>Ici, la nourriture n'est pas press\u00e9e. Elle est partag\u00e9e, savour\u00e9e et m\u00e9moris\u00e9e.<\/p>\n\n\n\n<h3 class=\"wp-block-heading\">Une exp\u00e9rience v\u00e9cue <em>Voyage lent<\/em><\/h3>\n\n\n\n<p>Alto Minho n'est pas constitu\u00e9 de listes de choses \u00e0 faire ou de foules.<br>Il est fait de moments calmes, de rythmes naturels et d'exp\u00e9riences significatives.<br>Une destination pour ceux qui recherchent l'authenticit\u00e9, le silence et une connexion plus profonde avec le lieu.<\/p>\n\n\n\n<h3 class=\"wp-block-heading\">Patrimoine naturel<\/h3>\n\n\n\n<p><strong>R\u00e9serve de biosph\u00e8re de l'UNESCO<\/strong><br>Un paysage prot\u00e9g\u00e9 o\u00f9 la nature, la tradition et la durabilit\u00e9 coexistent en harmonie.<\/p>","protected":false},"excerpt":{"rendered":"<p>Situado no noroeste de Portugal, o Alto Minho \u00e9 uma terra moldada por rios, montanhas e tradi\u00e7\u00f5es.Aqui, o tempo corre de forma mais serena. A natureza n\u00e3o \u00e9 apenas cen\u00e1rio \u2014 faz parte do quotidiano.\u00c9 um lugar para respirar fundo, reencontrar o equil\u00edbrio e sentir-se verdadeiramente em casa. Natureza Pura, ao Seu Pr\u00f3prio Ritmo Parque [&hellip;]<\/p>\n","protected":false},"author":2,"featured_media":1152,"comment_status":"open","ping_status":"closed","sticky":false,"template":"","format":"standard","meta":{"_et_pb_use_builder":"off","_et_pb_old_content":"","_et_gb_content_width":"","footnotes":""},"categories":[28],"tags":[],"hf_cat_post":[],"class_list":["post-1151","post","type-post","status-publish","format-standard","has-post-thumbnail","hentry","category-guias"],"_links":{"self":[{"href":"https:\/\/carvalhahouse.pt\/fr\/wp-json\/wp\/v2\/posts\/1151","targetHints":{"allow":["GET"]}}],"collection":[{"href":"https:\/\/carvalhahouse.pt\/fr\/wp-json\/wp\/v2\/posts"}],"about":[{"href":"https:\/\/carvalhahouse.pt\/fr\/wp-json\/wp\/v2\/types\/post"}],"author":[{"embeddable":true,"href":"https:\/\/carvalhahouse.pt\/fr\/wp-json\/wp\/v2\/users\/2"}],"replies":[{"embeddable":true,"href":"https:\/\/carvalhahouse.pt\/fr\/wp-json\/wp\/v2\/comments?post=1151"}],"version-history":[{"count":0,"href":"https:\/\/carvalhahouse.pt\/fr\/wp-json\/wp\/v2\/posts\/1151\/revisions"}],"wp:featuredmedia":[{"embeddable":true,"href":"https:\/\/carvalhahouse.pt\/fr\/wp-json\/wp\/v2\/media\/1152"}],"wp:attachment":[{"href":"https:\/\/carvalhahouse.pt\/fr\/wp-json\/wp\/v2\/media?parent=1151"}],"wp:term":[{"taxonomy":"category","embeddable":true,"href":"https:\/\/carvalhahouse.pt\/fr\/wp-json\/wp\/v2\/categories?post=1151"},{"taxonomy":"post_tag","embeddable":true,"href":"https:\/\/carvalhahouse.pt\/fr\/wp-json\/wp\/v2\/tags?post=1151"},{"taxonomy":"hf_cat_post","embeddable":true,"href":"https:\/\/carvalhahouse.pt\/fr\/wp-json\/wp\/v2\/hf_cat_post?post=1151"}],"curies":[{"name":"wp","href":"https:\/\/api.w.org\/{rel}","templated":true}]}}