{"id":1143,"date":"2025-12-16T10:48:51","date_gmt":"2025-12-16T10:48:51","guid":{"rendered":"https:\/\/carvalhahouse.pt\/?p=1143"},"modified":"2025-12-16T11:07:12","modified_gmt":"2025-12-16T11:07:12","slug":"guide-hivernal-du-silence-magique-de-noel-dans-la-vallee-de-la-vez","status":"publish","type":"post","link":"https:\/\/carvalhahouse.pt\/fr\/guias\/guia-de-inverno-o-silencio-magico-do-natal-no-vale-do-vez\/","title":{"rendered":"Guide d'hiver : Le silence magique de No\u00ebl dans la vall\u00e9e du Vez"},"content":{"rendered":"<p>Ce guide a \u00e9t\u00e9 cr\u00e9\u00e9 pour le public cible pr\u00e9f\u00e9r\u00e9 de Carvalha House : les couples et les adultes \u00e0 la recherche d'un refuge relaxant. <strong>le silence, l'authenticit\u00e9 et la tranquillit\u00e9<\/strong>, L'id\u00e9e est de faire de No\u00ebl la p\u00e9riode des f\u00eates. <strong>Haut Minho<\/strong> dans une exp\u00e9rience <em>lent<\/em>, o\u00f9 le confort de la maison et la nature intacte compl\u00e8tent la magie culturelle de la r\u00e9gion, en \u00e9vitant le \u201ctourisme de masse\u201d.<\/p>\n\n\n\n<h1 class=\"wp-block-heading\"><strong>Guide d'hiver : Le silence magique de No\u00ebl dans la vall\u00e9e du Vez<\/strong><\/h1>\n\n\n\n<p><strong>Carvalha House - Trouvez le calme et la tranquillit\u00e9 dans le nord du Portugal.<\/strong><\/p>\n\n\n\n<p>L'hiver est la saison id\u00e9ale pour profiter <strong>une hospitalit\u00e9 chaleureuse<\/strong> et <strong>un confort simple<\/strong> que propose la maison Carvalha. Alors que les villes bourdonnent d'activit\u00e9, les <strong>Vall\u00e9e de la rivi\u00e8re Vez<\/strong>, entre Arcos de Valdevez et Ponte da Barca, conserve son statut de <strong>refuge naturel<\/strong>.Ce guide vous invite \u00e0 vivre un No\u00ebl o\u00f9 <strong>le repos physique et mental<\/strong> est la priorit\u00e9.<\/p>\n\n\n\n<h2 class=\"wp-block-heading\"><strong>I. Votre retraite hivernale priv\u00e9e<\/strong><\/h2>\n\n\n\n<p>L'exp\u00e9rience de No\u00ebl id\u00e9ale pour <em>voyageur lent<\/em> commence et se termine \u00e0 <strong>Carvalha House<\/strong>, a <strong>h\u00e9bergement rural <\/strong><strong><em>boutique<\/em><\/strong>. Ici, l'accent est mis sur le confort intime et priv\u00e9, loin de l'h\u00e9bergement impersonnel.<\/p>\n\n\n\n<h3 class=\"wp-block-heading\"><strong>1. Paquets saisonniers de confort<\/strong><\/h3>\n\n\n\n<p>Profitez de la basse saison (novembre \u00e0 f\u00e9vrier) pour b\u00e9n\u00e9ficier d'offres qui c\u00e9l\u00e8brent la tranquillit\u00e9 :<\/p>\n\n\n\n<ul class=\"wp-block-list\">\n<li><strong><em>Week-end du feu et du vin<\/em><\/strong> <strong>ou<\/strong> <strong><em>Escapade romantique en hiver<\/em><\/strong>Ces formules saisonni\u00e8res ont \u00e9t\u00e9 con\u00e7ues pour les couples qui appr\u00e9cient la cuisine, le fait d'\u00eatre ensemble et la convivialit\u00e9. <strong>au coin du feu<\/strong> et profiter de la <strong>Vin vert<\/strong>.<\/li>\n\n\n\n<li><strong><em>Retraite des \u00e9crivains et des cr\u00e9ateurs<\/em><\/strong>La vie en ville : Id\u00e9al pour les professionnels urbains \u00e0 la recherche d'une vie en ville. <strong>repos absolu<\/strong> et la possibilit\u00e9 de \u201cse d\u00e9tacher compl\u00e8tement de la routine\u201d.<\/li>\n<\/ul>\n\n\n\n<h3 class=\"wp-block-heading\"><strong>2. Une salle \u00e0 manger confortable<\/strong><\/h3>\n\n\n\n<p>No\u00ebl dans le Haut-Minho est synonyme de saveurs intenses.<\/p>\n\n\n\n<ul class=\"wp-block-list\">\n<li><strong>Petit d\u00e9jeuner et repas locaux :<\/strong> Profitez de la <strong>petit d\u00e9jeuner local en option<\/strong> e <strong>repas sur r\u00e9servation<\/strong> dans la maison.<\/li>\n\n\n\n<li><strong>Les saveurs de la saison :<\/strong> Bien que le week-end gastronomique Arroz de Sarrabulho ait lieu en janvier, vous pouvez vous laisser tenter par les plats riches et chauds de la gastronomie de la r\u00e9gion, tels que le <strong>Rago\u00fbt de style Arcos<\/strong> et le <strong>R\u00f4tisseries et p\u00e2tes de Sarrabulho<\/strong>.<\/li>\n<\/ul>\n\n\n\n<p><strong>Sucreries traditionnelles :<\/strong> Essayez le <strong>Bonbons Arcos<\/strong> et des sucreries traditionnelles, parfaites pour accompagner les soir\u00e9es plus froides.<\/p>\n\n\n\n<div class=\"wp-block-buttons is-layout-flex wp-block-buttons-is-layout-flex\">\n<div class=\"wp-block-button\"><a class=\"wp-block-button__link wp-element-button\" href=\"https:\/\/carvalhahouse.pt\/fr\/reservations\/\">R\u00e9servez ici !<\/a><\/div>\n<\/div>\n\n\n\n<h2 class=\"wp-block-heading\"><strong>II. Magie lente : l'atmosph\u00e8re de No\u00ebl dans le Haut-Minho<\/strong><\/h2>\n\n\n\n<p>Bien que la maison Carvalha privil\u00e9gie le silence, sa proximit\u00e9 avec les villages historiques permet de profiter de l'ambiance festive sans succomber au bruit.<\/p>\n\n\n\n<figure class=\"wp-block-gallery has-nested-images columns-default is-cropped wp-block-gallery-1 is-layout-flex wp-block-gallery-is-layout-flex\">\n<figure class=\"wp-block-image size-full\"><img loading=\"lazy\" decoding=\"async\" width=\"690\" height=\"460\" data-id=\"1145\" src=\"https:\/\/carvalhahouse.pt\/wp-content\/uploads\/2025\/12\/cartaz_690x460_1_1024_2500.jpg\" alt=\"\" class=\"wp-image-1145\" srcset=\"https:\/\/carvalhahouse.pt\/wp-content\/uploads\/2025\/12\/cartaz_690x460_1_1024_2500.jpg 690w, https:\/\/carvalhahouse.pt\/wp-content\/uploads\/2025\/12\/cartaz_690x460_1_1024_2500-480x320.jpg 480w\" sizes=\"(min-width: 0px) and (max-width: 480px) 480px, (min-width: 481px) 690px, 100vw\" \/><\/figure>\n<\/figure>\n\n\n\n<h3 class=\"wp-block-heading\"><strong>1. exp\u00e9riences visuelles et artisanales<\/strong><\/h3>\n\n\n\n<p>Nous vous conseillons de visiter les centres-villes en dehors des heures de pointe, en vous concentrant sur les points suivants <strong>la beaut\u00e9 des lumi\u00e8res, de l'art et des produits locaux<\/strong>, et pas dans les grandes foules ou les \u00e9v\u00e9nements bruyants.<\/p>\n\n\n\n<ul class=\"wp-block-list\">\n<li><strong><a href=\"https:\/\/www.visitarcos.pt\/o-melhor\/essencial\/agenda-cultural\/geo_evento\/magia-de-natal-50\" class=\"ek-link\">La magie de No\u00ebl \u00e0 Arcos de Valdevez :<\/a><\/strong> Arcos de Valdevez accueille le programme \u201c<strong><a href=\"https:\/\/www.visitarcos.pt\/o-melhor\/essencial\/agenda-cultural\/geo_evento\/magia-de-natal-50\" class=\"ek-link\">Arcos de Valdevez : \u2018Magie de No\u00ebl\u2019<\/a><\/strong>\u201d. Rechercher <strong>March\u00e9 de No\u00ebl<\/strong> pour trouver des produits locaux. Vous pouvez \u00e9galement visiter le site \u201c<strong>For\u00eat enchant\u00e9e<\/strong>\u201cCet \u00e9v\u00e9nement s'\u00e9tend sur une grande partie de la saison hivernale. La municipalit\u00e9 promeut des itin\u00e9raires sp\u00e9cifiques pour la <strong>Arches d'hiver<\/strong>.<\/li>\n\n\n\n<li><strong><a href=\"https:\/\/www.visitepontedelima.pt\/pt\/eventos\/ponte-de-lima-vila-natal\/\" class=\"ek-link\">Village de No\u00ebl \u00e0 Ponte de Lima<\/a>:<\/strong> La plus ancienne ville du Portugal est transform\u00e9e en un \u201ccadre magique\u201d gr\u00e2ce \u00e0 l'exposition \"Le monde de l'eau\". <strong>NaTal Vila<\/strong>. Profitez de la <strong>lumi\u00e8res<\/strong> et <strong>\u201cneige tombante\u201d<\/strong> pour une promenade paisible dans le centre, qui se d\u00e9roule du 1er au 31 d\u00e9cembre.<\/li>\n\n\n\n<li><strong><a href=\"https:\/\/www.paredesdecoura.pt\/natal-em-coura-noticias-paredes-de-coura-pt\/\" class=\"ek-link\">No\u00ebl \u00e0 Coura :<\/a><\/strong> Paredes de Coura c\u00e9l\u00e8bre <strong>NO\u00cbL EN COURA<\/strong>, qui comprend un <strong>March\u00e9 de No\u00ebl<\/strong>, Art in Pieces\u201c et la \u201dTente de No\u00ebl enchant\u00e9e\u201c.<\/li>\n<\/ul>\n\n\n\n<h3 class=\"wp-block-heading\"><strong>2. La nature en mode hivernal<\/strong><\/h3>\n\n\n\n<p>L'hiver est id\u00e9al pour <strong>des marches lentes<\/strong> et calme, en particulier pour les <strong>les amoureux de la nature et de la randonn\u00e9e<\/strong>.<\/p>\n\n\n\n<ul class=\"wp-block-list\">\n<li><strong>Promenades silencieuses sur la rivi\u00e8re Vez :<\/strong> La maison Carvalha est <strong>\u00e0 c\u00f4t\u00e9 de la promenade de la rivi\u00e8re Vez<\/strong>, Cela vous permet de faire des promenades ou des randonn\u00e9es autour de l'\u00e9cole. <strong>Ecovias et Trilhos do Vez<\/strong> \u00e0 un moment o\u00f9 le trafic est faible.<\/li>\n\n\n\n<li><strong>Paysage du PNPG :<\/strong> O <strong>Parc national de Peneda-Ger\u00eas (PNPG)<\/strong> et <strong>Porte de Mezio<\/strong> garder leur <strong>ressources naturelles<\/strong> in\u00e9gal\u00e9e, offrant des paysages sereins loin de l'agitation de l'\u00e9t\u00e9.<\/li>\n\n\n\n<li><strong>L'\u0153notourisme r\u00e9fl\u00e9chi :<\/strong> Bien que l'\u00e9v\u00e9nement <strong><a href=\"https:\/\/www.lourearapevide.pt\/\" class=\"ek-link\">Louer la semence<\/a><\/strong> (une route des saveurs qui promeut le Vinho Verde) se termine fin novembre \u00e0 Ponte de Lima. <strong>L'\u0153notourisme<\/strong> peut \u00eatre v\u00e9cue de mani\u00e8re intime, en profitant de l'exp\u00e9rience de l'artiste. <strong>Vins verts<\/strong> au coin du feu.<\/li>\n<\/ul>\n\n\n\n<figure class=\"wp-block-image size-full\"><img loading=\"lazy\" decoding=\"async\" width=\"960\" height=\"720\" src=\"https:\/\/carvalhahouse.pt\/wp-content\/uploads\/2025\/08\/Nationalpark_Peneda-Geres-Rio_Caldo.jpg\" alt=\"\" class=\"wp-image-743\" srcset=\"https:\/\/carvalhahouse.pt\/wp-content\/uploads\/2025\/08\/Nationalpark_Peneda-Geres-Rio_Caldo.jpg 960w, https:\/\/carvalhahouse.pt\/wp-content\/uploads\/2025\/08\/Nationalpark_Peneda-Geres-Rio_Caldo-480x360.jpg 480w\" sizes=\"(min-width: 0px) and (max-width: 480px) 480px, (min-width: 481px) 960px, 100vw\" \/><\/figure>\n\n\n\n<h2 class=\"wp-block-heading\"><strong>III. Ce qu'il faut \u00e9viter pour pr\u00e9server la tranquillit\u00e9 d'esprit<\/strong><\/h2>\n\n\n\n<p>Conform\u00e9ment au positionnement de la Maison Carvalha, qui consiste \u00e0 <strong>\u00e9viter le bruit et le tourisme de masse<\/strong>, la prudence est de mise en ce qui concerne :<\/p>\n\n\n\n<ul class=\"wp-block-list\">\n<li><strong>Activit\u00e9s pour les enfants :<\/strong> \u00c9vitez les activit\u00e9s sp\u00e9cialement con\u00e7ues pour les enfants (comme celles mentionn\u00e9es dans le programme \u201cMagie de No\u00ebl\u201d \u00e0 Arcos de Valdevez), qui peuvent g\u00e9n\u00e9rer plus de bruit et d'agitation.<\/li>\n\n\n\n<li><strong>Attractions de la grande masse :<\/strong> A <strong>Grande roue de plus de 30 m\u00e8tres de long<\/strong> \u00e0 Ponte da Barca, bien qu'il s'agisse d'une nouveaut\u00e9, pourrait \u00eatre une source d'agitation et de bruit plus importants, ce qui va \u00e0 l'encontre du principe de l'initiative de l'Union europ\u00e9enne. <strong>repos absolu<\/strong>.<\/li>\n\n\n\n<li><strong>\u00c9v\u00e9nements pendant les p\u00e9riodes de pointe :<\/strong> Visitez les illuminations et les march\u00e9s en dehors des p\u00e9riodes les plus charg\u00e9es (fin d'apr\u00e8s-midi et week-end avant No\u00ebl).<\/li>\n<\/ul>\n\n\n\n<div class=\"wp-block-buttons is-layout-flex wp-block-buttons-is-layout-flex\">\n<div class=\"wp-block-button\"><a class=\"wp-block-button__link wp-element-button\" href=\"https:\/\/carvalhahouse.pt\/fr\/reservations\/\">R\u00e9servez ici !<\/a><\/div>\n<\/div>","protected":false},"excerpt":{"rendered":"<p>Este guia foi criado para o p\u00fablico-alvo preferencial da Carvalha House \u2014 casais e adultos que procuram um ref\u00fagio de sil\u00eancio, autenticidade e tranquilidade, mesmo durante a \u00e9poca festiva.A proposta \u00e9 transformar o Natal no Alto Minho numa experi\u00eancia slow, onde o aconchego da casa e a natureza preservada se complementam com a magia cultural [&hellip;]<\/p>\n","protected":false},"author":2,"featured_media":1145,"comment_status":"open","ping_status":"closed","sticky":false,"template":"","format":"standard","meta":{"_et_pb_use_builder":"off","_et_pb_old_content":"","_et_gb_content_width":"","footnotes":""},"categories":[28],"tags":[],"hf_cat_post":[],"class_list":["post-1143","post","type-post","status-publish","format-standard","has-post-thumbnail","hentry","category-guias"],"_links":{"self":[{"href":"https:\/\/carvalhahouse.pt\/fr\/wp-json\/wp\/v2\/posts\/1143","targetHints":{"allow":["GET"]}}],"collection":[{"href":"https:\/\/carvalhahouse.pt\/fr\/wp-json\/wp\/v2\/posts"}],"about":[{"href":"https:\/\/carvalhahouse.pt\/fr\/wp-json\/wp\/v2\/types\/post"}],"author":[{"embeddable":true,"href":"https:\/\/carvalhahouse.pt\/fr\/wp-json\/wp\/v2\/users\/2"}],"replies":[{"embeddable":true,"href":"https:\/\/carvalhahouse.pt\/fr\/wp-json\/wp\/v2\/comments?post=1143"}],"version-history":[{"count":0,"href":"https:\/\/carvalhahouse.pt\/fr\/wp-json\/wp\/v2\/posts\/1143\/revisions"}],"wp:featuredmedia":[{"embeddable":true,"href":"https:\/\/carvalhahouse.pt\/fr\/wp-json\/wp\/v2\/media\/1145"}],"wp:attachment":[{"href":"https:\/\/carvalhahouse.pt\/fr\/wp-json\/wp\/v2\/media?parent=1143"}],"wp:term":[{"taxonomy":"category","embeddable":true,"href":"https:\/\/carvalhahouse.pt\/fr\/wp-json\/wp\/v2\/categories?post=1143"},{"taxonomy":"post_tag","embeddable":true,"href":"https:\/\/carvalhahouse.pt\/fr\/wp-json\/wp\/v2\/tags?post=1143"},{"taxonomy":"hf_cat_post","embeddable":true,"href":"https:\/\/carvalhahouse.pt\/fr\/wp-json\/wp\/v2\/hf_cat_post?post=1143"}],"curies":[{"name":"wp","href":"https:\/\/api.w.org\/{rel}","templated":true}]}}