{"id":1127,"date":"2025-12-08T22:30:57","date_gmt":"2025-12-08T22:30:57","guid":{"rendered":"https:\/\/carvalhahouse.pt\/?p=1127"},"modified":"2025-12-08T22:31:08","modified_gmt":"2025-12-08T22:31:08","slug":"espigueiros-do-alto-minho-histoire-tradition-et-experience-authentique-a-la-maison-carvalha","status":"publish","type":"post","link":"https:\/\/carvalhahouse.pt\/fr\/turismo-cultural-e-patrimonio\/espigueiros-do-alto-minho-historia-tradicao-e-a-experiencia-autentica-na-carvalha-house\/","title":{"rendered":"Les greniers \u00e0 grains du Haut Minho : histoire, tradition et exp\u00e9rience authentique \u00e0 la Carvalha House"},"content":{"rendered":"<p>Tout commence par une question de survie et de satisfaction des besoins fondamentaux de la population : l'alimentation. <strong>Le ma\u00efs (Zea Mays)<\/strong>, originaire des Am\u00e9riques, est arriv\u00e9 dans la p\u00e9ninsule ib\u00e9rique au XVIe si\u00e8cle, mais sa diffusion et sa culture \u00e0 grande \u00e9chelle au Portugal ont eu lieu au si\u00e8cle suivant. La r\u00e9gion du Minho, gr\u00e2ce \u00e0 ses conditions g\u00e9oclimatiques et \u00e0 son engagement en faveur de la culture irrigu\u00e9e, a \u00e9t\u00e9 pionni\u00e8re dans son adoption. La culture s'est rapidement d\u00e9velopp\u00e9e dans le nord-ouest du Portugal. Auparavant, la c\u00e9r\u00e9ale de base pour l'alimentation de la population \u00e9tait le millet  (ma\u00efs-mi\u00fado) et d'autres c\u00e9r\u00e9ales, comme le seigle et le bl\u00e9.\u00a0<\/p>\n\n\n\n<p>L'introduction du ma\u00efs \u00e0 gros grains a provoqu\u00e9 une v\u00e9ritable \u201c r\u00e9volution agricole \u201d dans le nord-ouest du Portugal. Cette c\u00e9r\u00e9ale avait un cycle v\u00e9g\u00e9tatif plus court, un potentiel productif plus \u00e9lev\u00e9 et la capacit\u00e9 de cohabiter avec d'autres cultures (comme les haricots et les courges dans un syst\u00e8me de polyculture). Son adoption \u00e0 grande \u00e9chelle a profond\u00e9ment modifi\u00e9 le paysage agricole, les habitudes alimentaires (le pain de ma\u00efs est devenu dominant) et l'organisation sociale et \u00e9conomique de la r\u00e9gion des Minho.<\/p>\n\n\n\n<p>Les cultures ant\u00e9rieures \u00e9taient essentiellement des cultures pluviales, ce qui permettait leur culture dans des zones tr\u00e8s pentues. Les terrasses ont \u00e9t\u00e9 cr\u00e9\u00e9es pour rendre productives les pentes abruptes du Minho, en contr\u00f4lant l'\u00e9rosion et l'eau abondante dans cette r\u00e9gion.<\/p>\n\n\n\n<figure class=\"wp-block-image aligncenter size-large\"><img loading=\"lazy\" decoding=\"async\" width=\"768\" height=\"1024\" src=\"https:\/\/carvalhahouse.pt\/wp-content\/uploads\/2025\/12\/IMG_4322-768x1024.jpeg\" alt=\"\" class=\"wp-image-1129\"\/><\/figure>\n\n\n\n<p>Outre l'alimentation humaine (production de pain), le ma\u00efs \u00e0 gros grains \u00e9tait utilis\u00e9 pour nourrir les animaux, et la paille avait de multiples usages, comme le rembourrage des coussins et des matelas. Cette nouvelle culture a permis une augmentation significative de la population et une diversification alimentaire, transformant le paysage de la Minho en une mosa\u00efque de champs de ma\u00efs c\u00f4toyant les greniers destin\u00e9s \u00e0 son s\u00e9chage et \u00e0 son stockage.&nbsp;<\/p>\n\n\n\n<p>La valeur du ma\u00efs \u00e9tait telle que, outre leur fonction architecturale de protection (sur\u00e9l\u00e9vation par rapport au sol et meules rondes pour emp\u00eacher l'entr\u00e9e des rongeurs), les habitants leur attribuaient un caract\u00e8re sacr\u00e9 et divin, comme en t\u00e9moignent les croix de pierre au sommet des greniers, en particulier dans les ensembles monumentaux de Soajo et Lindoso.<\/p>\n\n\n\n<p>Ces croix avaient pour but d'invoquer la protection divine sur les c\u00e9r\u00e9ales stock\u00e9es, qui repr\u00e9sentaient souvent le seul moyen de survie de la communaut\u00e9 pendant l'ann\u00e9e. De nombreux greniers \u00e9taient (et sont toujours) \u00e0 usage communautaire, situ\u00e9s dans des aires de battage communes. Cette organisation renfor\u00e7ait l'id\u00e9e d'un bien essentiel, qui avait besoin d'une protection collective et mystique, au-del\u00e0 de la s\u00e9curit\u00e9 physique.&nbsp;<\/p>\n\n\n\n<p>Les greniers et les terrasses sont des \u00e9l\u00e9ments indissociables de l'architecture rurale minhoise, symbolisant l'autosuffisance et l'organisation agricole, les terrasses produisant les c\u00e9r\u00e9ales que les greniers stockaient, pr\u00e9servant ainsi la production pour l'hiver.&nbsp;<\/p>\n\n\n\n<p>Nous vous invitons \u00e0 revivre cette intensit\u00e9 historique, dans la maison Carvalha, avec tout le confort, dans l'h\u00e9bergement Carvalha Espigueiro, o\u00f9 vous pourrez partager de bons moments avec cet \u00e9l\u00e9ment symbolique et une histoire si r\u00e9elle, qui renferme un patrimoine si riche de cette r\u00e9gion.<\/p>","protected":false},"excerpt":{"rendered":"<p>Tudo come\u00e7a por uma quest\u00e3o de sobreviv\u00eancia e dar cobro \u00e0s necessidades b\u00e1sicas da popula\u00e7\u00e3o: A alimenta\u00e7\u00e3o. O milho (Zea Mays), origin\u00e1rio das Am\u00e9ricas, chegou \u00e0 Pen\u00ednsula Ib\u00e9rica no s\u00e9culo XVI, mas a sua dissemina\u00e7\u00e3o e cultivo em larga escala em Portugal ocorreram no s\u00e9culo seguinte. A regi\u00e3o do Minho, com as suas condi\u00e7\u00f5es geoclim\u00e1ticas [&hellip;]<\/p>\n","protected":false},"author":1,"featured_media":1128,"comment_status":"open","ping_status":"closed","sticky":false,"template":"","format":"standard","meta":{"_et_pb_use_builder":"off","_et_pb_old_content":"","_et_gb_content_width":"","footnotes":""},"categories":[26],"tags":[],"hf_cat_post":[],"class_list":["post-1127","post","type-post","status-publish","format-standard","has-post-thumbnail","hentry","category-turismo-cultural-e-patrimonio"],"_links":{"self":[{"href":"https:\/\/carvalhahouse.pt\/fr\/wp-json\/wp\/v2\/posts\/1127","targetHints":{"allow":["GET"]}}],"collection":[{"href":"https:\/\/carvalhahouse.pt\/fr\/wp-json\/wp\/v2\/posts"}],"about":[{"href":"https:\/\/carvalhahouse.pt\/fr\/wp-json\/wp\/v2\/types\/post"}],"author":[{"embeddable":true,"href":"https:\/\/carvalhahouse.pt\/fr\/wp-json\/wp\/v2\/users\/1"}],"replies":[{"embeddable":true,"href":"https:\/\/carvalhahouse.pt\/fr\/wp-json\/wp\/v2\/comments?post=1127"}],"version-history":[{"count":0,"href":"https:\/\/carvalhahouse.pt\/fr\/wp-json\/wp\/v2\/posts\/1127\/revisions"}],"wp:featuredmedia":[{"embeddable":true,"href":"https:\/\/carvalhahouse.pt\/fr\/wp-json\/wp\/v2\/media\/1128"}],"wp:attachment":[{"href":"https:\/\/carvalhahouse.pt\/fr\/wp-json\/wp\/v2\/media?parent=1127"}],"wp:term":[{"taxonomy":"category","embeddable":true,"href":"https:\/\/carvalhahouse.pt\/fr\/wp-json\/wp\/v2\/categories?post=1127"},{"taxonomy":"post_tag","embeddable":true,"href":"https:\/\/carvalhahouse.pt\/fr\/wp-json\/wp\/v2\/tags?post=1127"},{"taxonomy":"hf_cat_post","embeddable":true,"href":"https:\/\/carvalhahouse.pt\/fr\/wp-json\/wp\/v2\/hf_cat_post?post=1127"}],"curies":[{"name":"wp","href":"https:\/\/api.w.org\/{rel}","templated":true}]}}