{"id":1098,"date":"2025-11-13T13:58:08","date_gmt":"2025-11-13T13:58:08","guid":{"rendered":"https:\/\/carvalhahouse.pt\/?p=1098"},"modified":"2025-11-13T13:58:27","modified_gmt":"2025-11-13T13:58:27","slug":"les-terres-de-valdevez-ou-le-portugal-est-ne-histoire-nature-et-tradition-au-coeur-de-lalto-minho","status":"publish","type":"post","link":"https:\/\/carvalhahouse.pt\/fr\/turismo-cultural-e-patrimonio\/as-terras-de-valdevez-onde-portugal-nasceu-historia-natureza-e-tradicao-no-coracao-do-alto-minho\/","title":{"rendered":"Les terres de Valdevez : l\u00e0 o\u00f9 le Portugal est n\u00e9 - Histoire, nature et tradition au c\u0153ur de l'Alto Minho"},"content":{"rendered":"<p>La vie sociale et les coutumes des terres de Valdevez sont lointaines. Les traces pr\u00e9historiques sont attest\u00e9es arch\u00e9ologiquement par des vestiges construits \u00e0 divers endroits de la r\u00e9gion, observables par exemple dans le noyau m\u00e9galithique du Mezio \u2013 Mamoas et Antas ; ou d'autres manifestations d'art rupestre repr\u00e9sent\u00e9es dans la station arch\u00e9ologique de Gi\u00e3o ; ou encore, le plus repr\u00e9sentatif de la vie sociale et \u00e9conomique de cette \u00e9poque : les Castros, fr\u00e9quents dans notre r\u00e9gion, o\u00f9 les Celtes s'organisaient \u00e9galement dans une logique d\u00e9fensive.<\/p>\n\n\n\n<figure class=\"wp-block-image size-large\"><img loading=\"lazy\" decoding=\"async\" width=\"1024\" height=\"730\" src=\"https:\/\/carvalhahouse.pt\/wp-content\/uploads\/2025\/08\/Vistas_011-1024x730.avif\" alt=\"\" class=\"wp-image-875\" srcset=\"https:\/\/carvalhahouse.pt\/wp-content\/uploads\/2025\/08\/Vistas_011-1024x730.avif 1024w, https:\/\/carvalhahouse.pt\/wp-content\/uploads\/2025\/08\/Vistas_011-300x214.avif 300w, https:\/\/carvalhahouse.pt\/wp-content\/uploads\/2025\/08\/Vistas_011-768x548.avif 768w, https:\/\/carvalhahouse.pt\/wp-content\/uploads\/2025\/08\/Vistas_011-18x12.avif 18w, https:\/\/carvalhahouse.pt\/wp-content\/uploads\/2025\/08\/Vistas_011-400x284.avif 400w, https:\/\/carvalhahouse.pt\/wp-content\/uploads\/2025\/08\/Vistas_011-980x699.avif 980w, https:\/\/carvalhahouse.pt\/wp-content\/uploads\/2025\/08\/Vistas_011-480x342.avif 480w, https:\/\/carvalhahouse.pt\/wp-content\/uploads\/2025\/08\/Vistas_011.avif 1080w\" sizes=\"(max-width: 1024px) 100vw, 1024px\" \/><\/figure>\n\n\n\n<p>Les Romains sont \u00e9galement pass\u00e9s par ici, dans le cadre de leur expansion imp\u00e9riale, comme en t\u00e9moignent les vestiges du camp militaire d'Alto da Pedrada. Les Arabes, moins influents, ont \u00e9galement laiss\u00e9 leur empreinte historique \u00e0 l'\u00e9poque de la reconqu\u00eate chr\u00e9tienne.<\/p>\n\n\n\n<p>Plus r\u00e9cemment, au Moyen \u00c2ge, les terres de Valdevez, du Haut Minho et de Galice ont \u00e9t\u00e9 le th\u00e9\u00e2tre de divers \u00e9v\u00e9nements politiques et territoriaux et ont donn\u00e9 naissance \u00e0 une nouvelle nationalit\u00e9, l'une des plus anciennes au monde : le Portugal.<\/p>\n\n\n\n<p>La politique de la noblesse et le pouvoir du clerg\u00e9 ont toujours \u00e9t\u00e9 \u00e9troitement li\u00e9s dans des conflits d'int\u00e9r\u00eats, notamment territoriaux. C'est vers le XIe si\u00e8cle que l'on estime avoir \u00e9t\u00e9 lanc\u00e9es les fondations d'un ch\u00e2teau et de remparts d\u00e9fensifs, l\u00e0 o\u00f9 se dresse aujourd'hui le Pa\u00e7o de Giela, monument embl\u00e9matique d'Arcos de Valdevez, qui a ensuite fait l'objet de plusieurs interventions jusqu'\u00e0 atteindre son \u00e9tat actuel.<\/p>\n\n\n\n<figure class=\"wp-block-image size-large\"><img loading=\"lazy\" decoding=\"async\" width=\"1024\" height=\"341\" src=\"https:\/\/carvalhahouse.pt\/wp-content\/uploads\/2025\/08\/Vistas_010-1024x341.avif\" alt=\"\" class=\"wp-image-874\" srcset=\"https:\/\/carvalhahouse.pt\/wp-content\/uploads\/2025\/08\/Vistas_010-1024x341.avif 1024w, https:\/\/carvalhahouse.pt\/wp-content\/uploads\/2025\/08\/Vistas_010-300x100.avif 300w, https:\/\/carvalhahouse.pt\/wp-content\/uploads\/2025\/08\/Vistas_010-768x256.avif 768w, https:\/\/carvalhahouse.pt\/wp-content\/uploads\/2025\/08\/Vistas_010-18x6.avif 18w, https:\/\/carvalhahouse.pt\/wp-content\/uploads\/2025\/08\/Vistas_010-980x327.avif 980w, https:\/\/carvalhahouse.pt\/wp-content\/uploads\/2025\/08\/Vistas_010-480x160.avif 480w, https:\/\/carvalhahouse.pt\/wp-content\/uploads\/2025\/08\/Vistas_010.avif 1080w\" sizes=\"(max-width: 1024px) 100vw, 1024px\" \/><\/figure>\n\n\n\n<p>C'est \u00e9galement \u00e0 cette \u00e9poque que remonte la fondation du monast\u00e8re d'Ermelo, attribu\u00e9e \u00e0 la m\u00e8re de notre premier roi, Afonso Henriques, qui fit don des terres \u00e0 un ordre religieux b\u00e9n\u00e9dictin. Ce monast\u00e8re est class\u00e9 monument national et c'est ici que se d\u00e9roulent chaque ann\u00e9e, le 11 juillet, les p\u00e8lerinages et la procession de S. Bentinho de Ermelo, qui marque la f\u00eate municipale d'Arcos de Valdevez en l'honneur de son saint patron : S. Bento.<\/p>\n\n\n\n<p>Aujourd'hui, la commune d'Arcos de Valdevez est un lieu de nature, de traditions et d'histoire, qui nous renvoie au slogan historique : \u00ab L\u00e0 o\u00f9 le Portugal s'est fait \u00bb.<\/p>\n\n\n\n<figure class=\"wp-block-image size-large\"><img loading=\"lazy\" decoding=\"async\" width=\"1024\" height=\"768\" src=\"https:\/\/carvalhahouse.pt\/wp-content\/uploads\/2025\/08\/Vistas_002-1024x768.avif\" alt=\"\" class=\"wp-image-866\" srcset=\"https:\/\/carvalhahouse.pt\/wp-content\/uploads\/2025\/08\/Vistas_002-1024x768.avif 1024w, https:\/\/carvalhahouse.pt\/wp-content\/uploads\/2025\/08\/Vistas_002-300x225.avif 300w, https:\/\/carvalhahouse.pt\/wp-content\/uploads\/2025\/08\/Vistas_002-768x576.avif 768w, https:\/\/carvalhahouse.pt\/wp-content\/uploads\/2025\/08\/Vistas_002-16x12.avif 16w, https:\/\/carvalhahouse.pt\/wp-content\/uploads\/2025\/08\/Vistas_002-510x382.avif 510w, https:\/\/carvalhahouse.pt\/wp-content\/uploads\/2025\/08\/Vistas_002-980x735.avif 980w, https:\/\/carvalhahouse.pt\/wp-content\/uploads\/2025\/08\/Vistas_002-480x360.avif 480w, https:\/\/carvalhahouse.pt\/wp-content\/uploads\/2025\/08\/Vistas_002.avif 1080w\" sizes=\"(max-width: 1024px) 100vw, 1024px\" \/><\/figure>\n\n\n\n<p>La Carvalha House est situ\u00e9e tout pr\u00e8s de l'embouchure du fleuve Vez, l\u00e0 o\u00f9 celui-ci rejoint le fleuve Lima, et nous pensons que notre pr\u00e9sence fera partie de l'histoire de ce lieu, en accueillant chaleureusement tous ceux qui nous rendent visite.<\/p>\n\n\n\n<p>Consultez notre site web : <a href=\"https:\/\/carvalhahouse.pt\/fr\/\">www.carvalhahouse.pt<\/a>&nbsp; ou notre page Facebook et Instagram. Suivez-nous ! Nous voulons vous surprendre.<\/p>","protected":false},"excerpt":{"rendered":"<p>\u00c9 remota a viv\u00eancia e vida social das terras de Valdevez. As marcas pr\u00e9-hist\u00f3ricas s\u00e3o conferidas arqueologicamente em testemunhos edificados em v\u00e1rios locais da regi\u00e3o, observ\u00e1veis por exemplo no n\u00facleo megal\u00edtico do Mezio \u2013 Mamoas e Antas; ou outras manifesta\u00e7\u00f5es de arte rupestre representada na esta\u00e7\u00e3o arqueol\u00f3gica de Gi\u00e3o; ou ainda, o mais representativo da [&hellip;]<\/p>\n","protected":false},"author":1,"featured_media":866,"comment_status":"open","ping_status":"closed","sticky":false,"template":"","format":"standard","meta":{"_et_pb_use_builder":"off","_et_pb_old_content":"","_et_gb_content_width":"1080","footnotes":""},"categories":[26],"tags":[],"hf_cat_post":[],"class_list":["post-1098","post","type-post","status-publish","format-standard","has-post-thumbnail","hentry","category-turismo-cultural-e-patrimonio"],"_links":{"self":[{"href":"https:\/\/carvalhahouse.pt\/fr\/wp-json\/wp\/v2\/posts\/1098","targetHints":{"allow":["GET"]}}],"collection":[{"href":"https:\/\/carvalhahouse.pt\/fr\/wp-json\/wp\/v2\/posts"}],"about":[{"href":"https:\/\/carvalhahouse.pt\/fr\/wp-json\/wp\/v2\/types\/post"}],"author":[{"embeddable":true,"href":"https:\/\/carvalhahouse.pt\/fr\/wp-json\/wp\/v2\/users\/1"}],"replies":[{"embeddable":true,"href":"https:\/\/carvalhahouse.pt\/fr\/wp-json\/wp\/v2\/comments?post=1098"}],"version-history":[{"count":0,"href":"https:\/\/carvalhahouse.pt\/fr\/wp-json\/wp\/v2\/posts\/1098\/revisions"}],"wp:featuredmedia":[{"embeddable":true,"href":"https:\/\/carvalhahouse.pt\/fr\/wp-json\/wp\/v2\/media\/866"}],"wp:attachment":[{"href":"https:\/\/carvalhahouse.pt\/fr\/wp-json\/wp\/v2\/media?parent=1098"}],"wp:term":[{"taxonomy":"category","embeddable":true,"href":"https:\/\/carvalhahouse.pt\/fr\/wp-json\/wp\/v2\/categories?post=1098"},{"taxonomy":"post_tag","embeddable":true,"href":"https:\/\/carvalhahouse.pt\/fr\/wp-json\/wp\/v2\/tags?post=1098"},{"taxonomy":"hf_cat_post","embeddable":true,"href":"https:\/\/carvalhahouse.pt\/fr\/wp-json\/wp\/v2\/hf_cat_post?post=1098"}],"curies":[{"name":"wp","href":"https:\/\/api.w.org\/{rel}","templated":true}]}}