{"id":1155,"date":"2025-12-22T10:51:40","date_gmt":"2025-12-22T10:51:40","guid":{"rendered":"https:\/\/carvalhahouse.pt\/?p=1155"},"modified":"2025-12-22T10:55:37","modified_gmt":"2025-12-22T10:55:37","slug":"navidad-en-arcos-de-valdevez-tradiciones-del-minho-naturaleza-y-alojamiento-en-casa-carvalha","status":"publish","type":"post","link":"https:\/\/carvalhahouse.pt\/es\/turismo-de-natureza\/natal-em-arcos-de-valdevez-tradicoes-do-minho-natureza-e-alojamento-na-carvalha-house\/","title":{"rendered":"Navidad en Arcos de Valdevez: tradiciones del Mi\u00f1o, naturaleza y alojamiento en Carvalha House"},"content":{"rendered":"<p>Hoy en d\u00eda, la Navidad es todo luz, m\u00fasica y espect\u00e1culo, regalos y mucha, mucha emoci\u00f3n en las relaciones entre personas, empresas y familias. Este frenes\u00ed dura toda la temporada navide\u00f1a, y se ha reservado un periodo especial de vacaciones para la celebraci\u00f3n festiva de esta fecha, e incluso una subvenci\u00f3n, para alimentar la intensidad comercial que se genera en torno a este momento.<\/p>\n\n\n\n<p>No siempre fue as\u00ed, y las simbolog\u00edas asociadas a estos d\u00edas se han ido adaptando, adoptando distintas formas de conmemoraci\u00f3n, empezando por el banquete que suele prepararse con motivo de estas fiestas, que var\u00eda seg\u00fan las \u00e9pocas y las geograf\u00edas.<\/p>\n\n\n\n<p>Hace muchos siglos, en la antig\u00fcedad, estas fiestas eran de car\u00e1cter pagano y coincid\u00edan con el solsticio de invierno, porque era cuando se celebraba la llegada del invierno. Se rend\u00eda culto al Dios Sol con el objetivo de la renovaci\u00f3n, cuando los d\u00edas volvieran a crecer.<\/p>\n\n\n\n<p>A partir del siglo IV, y con la consolidaci\u00f3n de la Iglesia cat\u00f3lica en Roma, la fiesta se reconoci\u00f3 oficialmente como la Navidad de Cristo, es decir, el nacimiento de Jes\u00fas. Como no se sabe con certeza el d\u00eda en que naci\u00f3 Jes\u00fas, fue una forma de cristianizar las fiestas paganas romanas y darles un nuevo simbolismo. Desde entonces, la Navidad se celebra en muchos pa\u00edses, generalmente marcada por la fiesta de la renovaci\u00f3n y el nacimiento.<\/p>\n\n\n\n<p>Cuando hablamos del nacimiento de Cristo, la representaci\u00f3n m\u00e1s com\u00fan en nuestra mente es el bel\u00e9n. Al fin y al cabo, representa la escena en la que naci\u00f3 el ni\u00f1o Jes\u00fas, en la que reconocemos los elementos que aparecen en ella: la sagrada familia, formada por Jes\u00fas, Jos\u00e9 y Mar\u00eda, los tres Reyes Magos, el \u00e1ngel y la estrella. Fue en el siglo XIII, en Italia, cuando San Francisco quiso recrear la escena del nacimiento de Jes\u00fas para explicar a la gente c\u00f3mo hab\u00eda sucedido.<\/p>\n\n\n\n<p>Los tres Reyes Magos fueron en busca de Jes\u00fas para adorarle y llevarle regalos. Esta tradici\u00f3n religiosa inspira tambi\u00e9n la costumbre de intercambiar regalos en Navidad, aunque hoy el comercio ha dado nuevos significados a esta pr\u00e1ctica. Las estrellas en las copas de los \u00e1rboles de Navidad son precisamente la se\u00f1al que siguieron los reyes magos para encontrar el lugar donde naci\u00f3 Jes\u00fas.<\/p>\n\n\n\n<figure class=\"wp-block-gallery has-nested-images columns-default is-cropped wp-block-gallery-1 is-layout-flex wp-block-gallery-is-layout-flex\">\n<figure class=\"wp-block-image size-large\"><img loading=\"lazy\" decoding=\"async\" width=\"819\" height=\"1024\" data-id=\"1163\" src=\"https:\/\/carvalhahouse.pt\/wp-content\/uploads\/2025\/12\/page-8-1-819x1024.jpeg\" alt=\"\" class=\"wp-image-1163\"\/><\/figure>\n\n\n\n<figure class=\"wp-block-image size-large\"><img loading=\"lazy\" decoding=\"async\" width=\"819\" height=\"1024\" data-id=\"1164\" src=\"https:\/\/carvalhahouse.pt\/wp-content\/uploads\/2025\/12\/page-9-1-819x1024.jpeg\" alt=\"\" class=\"wp-image-1164\"\/><\/figure>\n\n\n\n<figure class=\"wp-block-image size-large\"><img loading=\"lazy\" decoding=\"async\" width=\"819\" height=\"1024\" data-id=\"1162\" src=\"https:\/\/carvalhahouse.pt\/wp-content\/uploads\/2025\/12\/page-10-1-819x1024.jpeg\" alt=\"\" class=\"wp-image-1162\"\/><\/figure>\n<\/figure>\n\n\n\n<p>Aunque se les llama reyes, los tres Reyes Magos eran en realidad sabios que viajaron desde sus tierras para visitar al Ni\u00f1o Jes\u00fas y adorarlo. Belchor vino de Europa, Gaspar de Asia y Baltasar de \u00c1frica, tierras conocidas en aquella \u00e9poca, ya que a\u00fan no se hab\u00eda descubierto Am\u00e9rica. Los regalos ofrecidos por los Magos simbolizan, identifican y reconocen a Jes\u00fas como Rey.<\/p>\n\n\n\n<p>El oro ofrecido por Belchior representa la realeza. El oro se utilizaba como ofrenda a los dioses. El incienso, ofrecido por Gaspar, representa la divinidad. El incienso se utilizaba en los actos de purificaci\u00f3n. La mirra, ofrecida por Baltasar, representa los aspectos humanos de Jes\u00fas. La mirra se utilizaba como medicina.<\/p>\n\n\n\n<p>En Espa\u00f1a, los m\u00e1s tradicionales intercambian regalos el d\u00eda de Reyes y no en Navidad. La noche del d\u00eda 5 comienzan las celebraciones con desfiles con trajes t\u00edpicos, carrozas, pelucas y maquillaje.<\/p>\n\n\n\n<p>En Portugal, mucha gente desmonta el \u00e1rbol de Navidad el d\u00eda de Reyes, marcando el final de las fiestas. Tambi\u00e9n existe la tradici\u00f3n del bolo-rei, un pastel con fruta confitada y un haba en su interior. Quien consigue el haba tiene que regalar el pastel al a\u00f1o siguiente. De puerta en puerta, mucha gente canta \u201cas janeiras\u201d, canciones populares navide\u00f1as vinculadas a la tradici\u00f3n cristiana.<\/p>\n\n\n\n<p>El \u00e1rbol de Navidad es uno de los s\u00edmbolos m\u00e1s famosos de la \u00e9poca festiva. La costumbre de decorar \u00e1rboles procede de antiguas tradiciones europeas y cobr\u00f3 fuerza en la Alemania medieval. All\u00ed se instalaba el \u201c\u00e1rbol del Para\u00edso\u201d, inspirado en el Jard\u00edn del Ed\u00e9n, y se decoraba con manzanas y frutas. La Navidad tiene lugar en el invierno europeo, y el pino es el \u00e1rbol m\u00e1s utilizado en esta celebraci\u00f3n, ya que resiste el fr\u00edo y simboliza la esperanza y la paz.<\/p>\n\n\n\n<p>La figura de Pap\u00e1 Noel est\u00e1 inspirada en San Nicol\u00e1s, un obispo turco que vivi\u00f3 en la antig\u00fcedad y que tambi\u00e9n tiene un fuerte simbolismo en estas fechas navide\u00f1as. Con el tiempo, y a trav\u00e9s de escritores como Washington Irving (1783-1850) y campa\u00f1as publicitarias, la figura de San Nicol\u00e1s adquiri\u00f3 nuevas caracter\u00edsticas y dio paso a lo que hoy conocemos como Pap\u00e1 Noel. En lugar de monedas, Pap\u00e1 Noel deja regalos a los ni\u00f1os que se portan bien a lo largo del a\u00f1o.<\/p>\n\n\n\n<p>Por aqu\u00ed seguimos celebrando la Navidad como una \u00e9poca dedicada a la familia, con bacalao con todos a la mesa en la v\u00edspera, o pavo relleno seg\u00fan la regi\u00f3n, con juegos familiares y de convivencia, como el inmemorial juego de la Rapa y el intercambio de regalos.<\/p>\n\n\n\n<p>Tambi\u00e9n se ha convertido en una tradici\u00f3n en Arcos de Valdevez visitar A Floresta Encantada Porta do Mezio (La Floresta Encantada de la Puerta del Mezio), que cuenta con diversas sorpresas y actividades para todas las edades, desde m\u00fasica y teatro hasta zonas dedicadas a los m\u00e1s peque\u00f1os, que garantizan momentos de alegr\u00eda y convivencia.<\/p>\n\n\n\n<p>La Casa Carvalha est\u00e1 aqu\u00ed para acoger a todos los que visiten la regi\u00f3n en esta \u00e9poca tan especial.<\/p>\n\n\n\n<p>Visite nuestro sitio web: <a href=\"https:\/\/carvalhahouse.pt\/es\/\">www.carvalhahouse.pt<\/a> o nuestras p\u00e1ginas de Facebook e Instagram. \u00a1S\u00edguenos! Queremos sorprenderte.&nbsp;<\/p>","protected":false},"excerpt":{"rendered":"<p>Hoje em dia, o Natal \u00e9 luz, m\u00fasica e espect\u00e1culo, presentes, e muita, muita emo\u00e7\u00e3o na rela\u00e7\u00e3o entre as pessoas, nas empresas e fam\u00edlias. Este frenesim dura toda a quadra natal\u00edcia, tendo-se institu\u00eddo um per\u00edodo especial de f\u00e9rias para a comemora\u00e7\u00e3o festiva desta data, e at\u00e9 um subs\u00eddio, para alimentar a intensidade comercial que se [&hellip;]<\/p>\n","protected":false},"author":1,"featured_media":1158,"comment_status":"open","ping_status":"closed","sticky":false,"template":"","format":"standard","meta":{"_et_pb_use_builder":"off","_et_pb_old_content":"","_et_gb_content_width":"1080","footnotes":""},"categories":[25],"tags":[],"hf_cat_post":[],"class_list":["post-1155","post","type-post","status-publish","format-standard","has-post-thumbnail","hentry","category-turismo-de-natureza"],"_links":{"self":[{"href":"https:\/\/carvalhahouse.pt\/es\/wp-json\/wp\/v2\/posts\/1155","targetHints":{"allow":["GET"]}}],"collection":[{"href":"https:\/\/carvalhahouse.pt\/es\/wp-json\/wp\/v2\/posts"}],"about":[{"href":"https:\/\/carvalhahouse.pt\/es\/wp-json\/wp\/v2\/types\/post"}],"author":[{"embeddable":true,"href":"https:\/\/carvalhahouse.pt\/es\/wp-json\/wp\/v2\/users\/1"}],"replies":[{"embeddable":true,"href":"https:\/\/carvalhahouse.pt\/es\/wp-json\/wp\/v2\/comments?post=1155"}],"version-history":[{"count":0,"href":"https:\/\/carvalhahouse.pt\/es\/wp-json\/wp\/v2\/posts\/1155\/revisions"}],"wp:featuredmedia":[{"embeddable":true,"href":"https:\/\/carvalhahouse.pt\/es\/wp-json\/wp\/v2\/media\/1158"}],"wp:attachment":[{"href":"https:\/\/carvalhahouse.pt\/es\/wp-json\/wp\/v2\/media?parent=1155"}],"wp:term":[{"taxonomy":"category","embeddable":true,"href":"https:\/\/carvalhahouse.pt\/es\/wp-json\/wp\/v2\/categories?post=1155"},{"taxonomy":"post_tag","embeddable":true,"href":"https:\/\/carvalhahouse.pt\/es\/wp-json\/wp\/v2\/tags?post=1155"},{"taxonomy":"hf_cat_post","embeddable":true,"href":"https:\/\/carvalhahouse.pt\/es\/wp-json\/wp\/v2\/hf_cat_post?post=1155"}],"curies":[{"name":"wp","href":"https:\/\/api.w.org\/{rel}","templated":true}]}}