{"id":1127,"date":"2025-12-08T22:30:57","date_gmt":"2025-12-08T22:30:57","guid":{"rendered":"https:\/\/carvalhahouse.pt\/?p=1127"},"modified":"2025-12-08T22:31:08","modified_gmt":"2025-12-08T22:31:08","slug":"espigueiros-do-alto-minho-historia-tradicion-y-experiencia-autentica-en-la-casa-carvalha","status":"publish","type":"post","link":"https:\/\/carvalhahouse.pt\/es\/turismo-cultural-e-patrimonio\/espigueiros-do-alto-minho-historia-tradicao-e-a-experiencia-autentica-na-carvalha-house\/","title":{"rendered":"Espigueiros do Alto Minho: Historia, tradici\u00f3n y experiencia aut\u00e9ntica en Carvalha House"},"content":{"rendered":"<p>Todo comienza con la supervivencia y la satisfacci\u00f3n de las necesidades b\u00e1sicas de la poblaci\u00f3n: la alimentaci\u00f3n. <strong>Ma\u00edz (Zea Mays)<\/strong>, La planta, originaria de Am\u00e9rica, lleg\u00f3 a la Pen\u00ednsula Ib\u00e9rica en el siglo XVI, pero su difusi\u00f3n y cultivo a gran escala en Portugal se produjo en el siglo siguiente. La regi\u00f3n del Minho, con sus condiciones geoclim\u00e1ticas y su apuesta por el cultivo de regad\u00edo, fue pionera en su adopci\u00f3n. El cultivo prosper\u00f3 r\u00e1pidamente en el noroeste de Portugal. Anteriormente, el cereal b\u00e1sico utilizado para alimentar a la poblaci\u00f3n era el mijo y otros cereales como el centeno y el trigo.\u00a0<\/p>\n\n\n\n<p>La introducci\u00f3n del ma\u00edz provoc\u00f3 una aut\u00e9ntica \u201crevoluci\u00f3n agr\u00edcola\u201d en el noroeste de Portugal. Este cereal ten\u00eda un ciclo vegetativo m\u00e1s corto, un mayor potencial productivo y la capacidad de cohabitar con otros cultivos (como las jud\u00edas y la calabaza en un sistema de policultivo). Su adopci\u00f3n a gran escala modific\u00f3 profundamente el paisaje agrario, los h\u00e1bitos alimentarios (el ma\u00edz boroa se convirti\u00f3 en dominante) y la organizaci\u00f3n social y econ\u00f3mica de la regi\u00f3n del Minho.<\/p>\n\n\n\n<p>Los cultivos anteriores eran b\u00e1sicamente de secano, lo que permit\u00eda su cultivo en laderas empinadas. Las terrazas surgieron para hacer productivas las empinadas laderas del Mi\u00f1o, controlando la erosi\u00f3n y la abundante agua de esta regi\u00f3n.<\/p>\n\n\n\n<figure class=\"wp-block-image aligncenter size-large\"><img loading=\"lazy\" decoding=\"async\" width=\"768\" height=\"1024\" src=\"https:\/\/carvalhahouse.pt\/wp-content\/uploads\/2025\/12\/IMG_4322-768x1024.jpeg\" alt=\"\" class=\"wp-image-1129\"\/><\/figure>\n\n\n\n<p>Adem\u00e1s de la alimentaci\u00f3n humana (fabricaci\u00f3n de pan de ma\u00edz), el ma\u00edz grande serv\u00eda para alimentar a los animales y la paja ten\u00eda m\u00faltiples usos, como relleno de cojines y colchones. El nuevo cultivo provoc\u00f3 un importante aumento de la poblaci\u00f3n y la diversificaci\u00f3n alimentaria, transformando el paisaje del Mi\u00f1o en un mosaico de campos de ma\u00edz y graneros para secarlo y almacenarlo.&nbsp;<\/p>\n\n\n\n<p>El valor del ma\u00edz era tan grande que, adem\u00e1s de la soluci\u00f3n arquitect\u00f3nica protectora (como la elevaci\u00f3n del suelo y las piedras de molino redondas para evitar la entrada de roedores), los lugare\u00f1os les atribu\u00edan un car\u00e1cter sagrado y la protecci\u00f3n divina, como se aprecia en las cruces de piedra situadas en la parte superior de los graneros, especialmente en los conjuntos monumentales de Soajo y Lindoso.<\/p>\n\n\n\n<p>La finalidad de estas cruces era invocar la protecci\u00f3n divina sobre el grano almacenado, que a menudo representaba el \u00fanico medio de supervivencia de la comunidad durante el a\u00f1o. Muchos graneros eran (y son) de uso comunal, situados en eras compartidas. Esta organizaci\u00f3n reforzaba la idea de un bien esencial que necesitaba una salvaguarda colectiva y m\u00edstica, adem\u00e1s de una seguridad f\u00edsica.&nbsp;<\/p>\n\n\n\n<p>H\u00f3rreos y terrazas son elementos interconectados de la arquitectura rural del Mi\u00f1o, s\u00edmbolo de autosuficiencia y organizaci\u00f3n agr\u00edcola, ya que las terrazas produc\u00edan el grano que almacenaban los h\u00f3rreos, conservando los productos para el invierno.&nbsp;<\/p>\n\n\n\n<p>Le invitamos a revivir esta intensidad hist\u00f3rica en la casa del roble, con toda comodidad, en el alojamiento Carvalha Espigueiro, donde podr\u00e1 compartir buenos momentos con ese elemento simb\u00f3lico y esa historia tan real, que encierra un patrimonio tan rico de esta regi\u00f3n.<\/p>","protected":false},"excerpt":{"rendered":"<p>Tudo come\u00e7a por uma quest\u00e3o de sobreviv\u00eancia e dar cobro \u00e0s necessidades b\u00e1sicas da popula\u00e7\u00e3o: A alimenta\u00e7\u00e3o. O milho (Zea Mays), origin\u00e1rio das Am\u00e9ricas, chegou \u00e0 Pen\u00ednsula Ib\u00e9rica no s\u00e9culo XVI, mas a sua dissemina\u00e7\u00e3o e cultivo em larga escala em Portugal ocorreram no s\u00e9culo seguinte. A regi\u00e3o do Minho, com as suas condi\u00e7\u00f5es geoclim\u00e1ticas [&hellip;]<\/p>\n","protected":false},"author":1,"featured_media":1128,"comment_status":"open","ping_status":"closed","sticky":false,"template":"","format":"standard","meta":{"_et_pb_use_builder":"off","_et_pb_old_content":"","_et_gb_content_width":"","footnotes":""},"categories":[26],"tags":[],"hf_cat_post":[],"class_list":["post-1127","post","type-post","status-publish","format-standard","has-post-thumbnail","hentry","category-turismo-cultural-e-patrimonio"],"_links":{"self":[{"href":"https:\/\/carvalhahouse.pt\/es\/wp-json\/wp\/v2\/posts\/1127","targetHints":{"allow":["GET"]}}],"collection":[{"href":"https:\/\/carvalhahouse.pt\/es\/wp-json\/wp\/v2\/posts"}],"about":[{"href":"https:\/\/carvalhahouse.pt\/es\/wp-json\/wp\/v2\/types\/post"}],"author":[{"embeddable":true,"href":"https:\/\/carvalhahouse.pt\/es\/wp-json\/wp\/v2\/users\/1"}],"replies":[{"embeddable":true,"href":"https:\/\/carvalhahouse.pt\/es\/wp-json\/wp\/v2\/comments?post=1127"}],"version-history":[{"count":0,"href":"https:\/\/carvalhahouse.pt\/es\/wp-json\/wp\/v2\/posts\/1127\/revisions"}],"wp:featuredmedia":[{"embeddable":true,"href":"https:\/\/carvalhahouse.pt\/es\/wp-json\/wp\/v2\/media\/1128"}],"wp:attachment":[{"href":"https:\/\/carvalhahouse.pt\/es\/wp-json\/wp\/v2\/media?parent=1127"}],"wp:term":[{"taxonomy":"category","embeddable":true,"href":"https:\/\/carvalhahouse.pt\/es\/wp-json\/wp\/v2\/categories?post=1127"},{"taxonomy":"post_tag","embeddable":true,"href":"https:\/\/carvalhahouse.pt\/es\/wp-json\/wp\/v2\/tags?post=1127"},{"taxonomy":"hf_cat_post","embeddable":true,"href":"https:\/\/carvalhahouse.pt\/es\/wp-json\/wp\/v2\/hf_cat_post?post=1127"}],"curies":[{"name":"wp","href":"https:\/\/api.w.org\/{rel}","templated":true}]}}