{"id":1098,"date":"2025-11-13T13:58:08","date_gmt":"2025-11-13T13:58:08","guid":{"rendered":"https:\/\/carvalhahouse.pt\/?p=1098"},"modified":"2025-11-13T13:58:27","modified_gmt":"2025-11-13T13:58:27","slug":"las-tierras-de-valdevez-donde-nacio-portugal-historia-naturaleza-y-tradicion-en-el-corazon-del-alto-minho","status":"publish","type":"post","link":"https:\/\/carvalhahouse.pt\/es\/turismo-cultural-e-patrimonio\/as-terras-de-valdevez-onde-portugal-nasceu-historia-natureza-e-tradicao-no-coracao-do-alto-minho\/","title":{"rendered":"Las tierras de Valdevez: donde naci\u00f3 Portugal \u2014 Historia, naturaleza y tradici\u00f3n en el coraz\u00f3n del Alto Minho"},"content":{"rendered":"<p>La experiencia y la vida social de las tierras de Valdevez son remotas. Las huellas prehist\u00f3ricas se confirman arqueol\u00f3gicamente en testimonios construidos en varios lugares de la regi\u00f3n, observables, por ejemplo, en el n\u00facleo megal\u00edtico de Mezio - Mamoas y Antas; u otras manifestaciones de arte rupestre representadas en la estaci\u00f3n arqueol\u00f3gica de Gi\u00e3o; o incluso, lo m\u00e1s representativo de la vida social y econ\u00f3mica de aquellos tiempos: los castros, frecuentes en nuestra regi\u00f3n, donde los celtas tambi\u00e9n se organizaban con fines defensivos.<\/p>\n\n\n\n<figure class=\"wp-block-image size-large\"><img loading=\"lazy\" decoding=\"async\" width=\"1024\" height=\"730\" src=\"https:\/\/carvalhahouse.pt\/wp-content\/uploads\/2025\/08\/Vistas_011-1024x730.avif\" alt=\"\" class=\"wp-image-875\" srcset=\"https:\/\/carvalhahouse.pt\/wp-content\/uploads\/2025\/08\/Vistas_011-1024x730.avif 1024w, https:\/\/carvalhahouse.pt\/wp-content\/uploads\/2025\/08\/Vistas_011-300x214.avif 300w, https:\/\/carvalhahouse.pt\/wp-content\/uploads\/2025\/08\/Vistas_011-768x548.avif 768w, https:\/\/carvalhahouse.pt\/wp-content\/uploads\/2025\/08\/Vistas_011-18x12.avif 18w, https:\/\/carvalhahouse.pt\/wp-content\/uploads\/2025\/08\/Vistas_011-400x284.avif 400w, https:\/\/carvalhahouse.pt\/wp-content\/uploads\/2025\/08\/Vistas_011-980x699.avif 980w, https:\/\/carvalhahouse.pt\/wp-content\/uploads\/2025\/08\/Vistas_011-480x342.avif 480w, https:\/\/carvalhahouse.pt\/wp-content\/uploads\/2025\/08\/Vistas_011.avif 1080w\" sizes=\"(max-width: 1024px) 100vw, 1024px\" \/><\/figure>\n\n\n\n<p>Los romanos tambi\u00e9n pasaron por aqu\u00ed, en un proceso de expansi\u00f3n imperial, y prueba de su presencia son los restos del campamento militar en Alto da Pedrada. Los \u00e1rabes, con menor relevancia, tambi\u00e9n dejaron su huella hist\u00f3rica en la \u00e9poca de la reconquista cristiana.<\/p>\n\n\n\n<p>M\u00e1s recientemente, ya en la Edad Media, las tierras de Valdevez, el Alto Minho y Galicia fueron escenario de diversos acontecimientos de car\u00e1cter pol\u00edtico y de intereses territoriales, y el origen de una nueva nacionalidad, una de las m\u00e1s antiguas del mundo: Portugal.<\/p>\n\n\n\n<p>La pol\u00edtica de la nobleza y el poder del clero siempre estuvieron muy vinculados en la conflictividad de intereses, especialmente los territoriales. Se cree que fue alrededor del siglo XI cuando se sentaron las bases de un castillo y unas murallas defensivas, donde hoy se erige el Pa\u00e7o de Giela, monumento emblem\u00e1tico de Arcos de Valdevez, que posteriormente fue objeto de varias intervenciones hasta alcanzar el estado en el que se encuentra actualmente.<\/p>\n\n\n\n<figure class=\"wp-block-image size-large\"><img loading=\"lazy\" decoding=\"async\" width=\"1024\" height=\"341\" src=\"https:\/\/carvalhahouse.pt\/wp-content\/uploads\/2025\/08\/Vistas_010-1024x341.avif\" alt=\"\" class=\"wp-image-874\" srcset=\"https:\/\/carvalhahouse.pt\/wp-content\/uploads\/2025\/08\/Vistas_010-1024x341.avif 1024w, https:\/\/carvalhahouse.pt\/wp-content\/uploads\/2025\/08\/Vistas_010-300x100.avif 300w, https:\/\/carvalhahouse.pt\/wp-content\/uploads\/2025\/08\/Vistas_010-768x256.avif 768w, https:\/\/carvalhahouse.pt\/wp-content\/uploads\/2025\/08\/Vistas_010-18x6.avif 18w, https:\/\/carvalhahouse.pt\/wp-content\/uploads\/2025\/08\/Vistas_010-980x327.avif 980w, https:\/\/carvalhahouse.pt\/wp-content\/uploads\/2025\/08\/Vistas_010-480x160.avif 480w, https:\/\/carvalhahouse.pt\/wp-content\/uploads\/2025\/08\/Vistas_010.avif 1080w\" sizes=\"(max-width: 1024px) 100vw, 1024px\" \/><\/figure>\n\n\n\n<p>Tambi\u00e9n por estas fechas se atribuye la fundaci\u00f3n del monasterio de Ermelo a la madre de nuestro primer rey, Afonso Henriques, quien don\u00f3 las tierras a una orden religiosa benedictina. Este monasterio est\u00e1 clasificado como monumento nacional y es aqu\u00ed donde cada a\u00f1o, el 11 de julio, se celebran las peregrinaciones y la romer\u00eda de San Bentinho de Ermelo, que marca la fiesta municipal de Arcos de Valdevez en honor a su patr\u00f3n: San Benito.<\/p>\n\n\n\n<p>Hoy en d\u00eda, el municipio de Arcos de Valdevez es un lugar de naturaleza, tradiciones e historia, que nos remite al hist\u00f3rico eslogan: \u00abDonde se hizo Portugal\u00bb.<\/p>\n\n\n\n<figure class=\"wp-block-image size-large\"><img loading=\"lazy\" decoding=\"async\" width=\"1024\" height=\"768\" src=\"https:\/\/carvalhahouse.pt\/wp-content\/uploads\/2025\/08\/Vistas_002-1024x768.avif\" alt=\"\" class=\"wp-image-866\" srcset=\"https:\/\/carvalhahouse.pt\/wp-content\/uploads\/2025\/08\/Vistas_002-1024x768.avif 1024w, https:\/\/carvalhahouse.pt\/wp-content\/uploads\/2025\/08\/Vistas_002-300x225.avif 300w, https:\/\/carvalhahouse.pt\/wp-content\/uploads\/2025\/08\/Vistas_002-768x576.avif 768w, https:\/\/carvalhahouse.pt\/wp-content\/uploads\/2025\/08\/Vistas_002-16x12.avif 16w, https:\/\/carvalhahouse.pt\/wp-content\/uploads\/2025\/08\/Vistas_002-510x382.avif 510w, https:\/\/carvalhahouse.pt\/wp-content\/uploads\/2025\/08\/Vistas_002-980x735.avif 980w, https:\/\/carvalhahouse.pt\/wp-content\/uploads\/2025\/08\/Vistas_002-480x360.avif 480w, https:\/\/carvalhahouse.pt\/wp-content\/uploads\/2025\/08\/Vistas_002.avif 1080w\" sizes=\"(max-width: 1024px) 100vw, 1024px\" \/><\/figure>\n\n\n\n<p>Carvalha House se encuentra muy cerca de la desembocadura del r\u00edo Vez, donde este se une con el r\u00edo Lima, y creemos que nuestra presencia formar\u00e1 parte de la historia de este lugar, acogiendo hospitalariamente a todos los que nos visitan.<\/p>\n\n\n\n<p>Visite nuestro sitio web: <a href=\"https:\/\/carvalhahouse.pt\/es\/\">www.carvalhahouse.pt<\/a>&nbsp; o nuestra p\u00e1gina de Facebook e Instagram. \u00a1S\u00edguenos! Queremos sorprenderte.<\/p>","protected":false},"excerpt":{"rendered":"<p>\u00c9 remota a viv\u00eancia e vida social das terras de Valdevez. As marcas pr\u00e9-hist\u00f3ricas s\u00e3o conferidas arqueologicamente em testemunhos edificados em v\u00e1rios locais da regi\u00e3o, observ\u00e1veis por exemplo no n\u00facleo megal\u00edtico do Mezio \u2013 Mamoas e Antas; ou outras manifesta\u00e7\u00f5es de arte rupestre representada na esta\u00e7\u00e3o arqueol\u00f3gica de Gi\u00e3o; ou ainda, o mais representativo da [&hellip;]<\/p>\n","protected":false},"author":1,"featured_media":866,"comment_status":"open","ping_status":"closed","sticky":false,"template":"","format":"standard","meta":{"_et_pb_use_builder":"off","_et_pb_old_content":"","_et_gb_content_width":"1080","footnotes":""},"categories":[26],"tags":[],"hf_cat_post":[],"class_list":["post-1098","post","type-post","status-publish","format-standard","has-post-thumbnail","hentry","category-turismo-cultural-e-patrimonio"],"_links":{"self":[{"href":"https:\/\/carvalhahouse.pt\/es\/wp-json\/wp\/v2\/posts\/1098","targetHints":{"allow":["GET"]}}],"collection":[{"href":"https:\/\/carvalhahouse.pt\/es\/wp-json\/wp\/v2\/posts"}],"about":[{"href":"https:\/\/carvalhahouse.pt\/es\/wp-json\/wp\/v2\/types\/post"}],"author":[{"embeddable":true,"href":"https:\/\/carvalhahouse.pt\/es\/wp-json\/wp\/v2\/users\/1"}],"replies":[{"embeddable":true,"href":"https:\/\/carvalhahouse.pt\/es\/wp-json\/wp\/v2\/comments?post=1098"}],"version-history":[{"count":0,"href":"https:\/\/carvalhahouse.pt\/es\/wp-json\/wp\/v2\/posts\/1098\/revisions"}],"wp:featuredmedia":[{"embeddable":true,"href":"https:\/\/carvalhahouse.pt\/es\/wp-json\/wp\/v2\/media\/866"}],"wp:attachment":[{"href":"https:\/\/carvalhahouse.pt\/es\/wp-json\/wp\/v2\/media?parent=1098"}],"wp:term":[{"taxonomy":"category","embeddable":true,"href":"https:\/\/carvalhahouse.pt\/es\/wp-json\/wp\/v2\/categories?post=1098"},{"taxonomy":"post_tag","embeddable":true,"href":"https:\/\/carvalhahouse.pt\/es\/wp-json\/wp\/v2\/tags?post=1098"},{"taxonomy":"hf_cat_post","embeddable":true,"href":"https:\/\/carvalhahouse.pt\/es\/wp-json\/wp\/v2\/hf_cat_post?post=1098"}],"curies":[{"name":"wp","href":"https:\/\/api.w.org\/{rel}","templated":true}]}}