{"id":1294,"date":"2026-02-19T12:30:08","date_gmt":"2026-02-19T12:30:08","guid":{"rendered":"https:\/\/carvalhahouse.pt\/?p=1294"},"modified":"2026-03-02T15:09:31","modified_gmt":"2026-03-02T15:09:31","slug":"sounds-de-vez-2026-the-glimpse-of-spring-in-arcos-de-valdevez","status":"publish","type":"post","link":"https:\/\/carvalhahouse.pt\/en\/eventos\/sons-de-vez-2026-o-vislumbre-da-primavera-em-arcos-de-valdevez\/","title":{"rendered":"Sons de Vez 2026 - A glimpse of spring in Arcos de Valdevez"},"content":{"rendered":"<p>O <strong>Sounds of Time<\/strong> is one of the most emblematic festivals dedicated exclusively to Portuguese music. It takes place in <strong>Arcos de Valdevez<\/strong>, at <strong>House of Arts<\/strong>, and is traditionally the <strong>first festival of the year<\/strong> in Portugal. In 2026, it celebrates almost <strong>a quarter of a century of history<\/strong>.<\/p>\n\n\n\n<p>The 2026 Festival takes place over 8 Saturdays, between: February 7 and March 28, 2026 All concerts start at 22h00.<\/p>\n\n\n\n<h2 class=\"wp-block-heading\">The full line-up includes 14 artists who will be performing on eight nights:<\/h2>\n\n\n\n<h3 class=\"wp-block-heading\">February 7th: -Tiago Bettencourt - Rui Fernandes Quartet<\/h3>\n\n\n\n<h3 class=\"wp-block-heading\">February 14th: - Retimbrar - Man in Catharsis<\/h3>\n\n\n\n<h3 class=\"wp-block-heading\">February 21st: - Milhanas - Daniela Galhoz<\/h3>\n\n\n\n<h3 class=\"wp-block-heading\">28 February: - Not the Girl - Amy Rigby<\/h3>\n\n\n\n<h3 class=\"wp-block-heading\">March 7th: - Carl\u00e3o<\/h3>\n\n\n\n<h3 class=\"wp-block-heading\">March 14th: - PAUS - MONCHMONCH<\/h3>\n\n\n\n<h3 class=\"wp-block-heading\">March 21st: - Best Youth - Ardours<\/h3>\n\n\n\n<h3 class=\"wp-block-heading\">March 28th: - Delfins<\/h3>\n\n\n\n<p>The <strong>highlights of the issue,<\/strong> are of course the return of notable names such as <strong>Tiago Bettencourt<\/strong>, <strong>Carl\u00e3o<\/strong> e <strong>Delphi<\/strong>. A strong focus on the diversity of contemporary Portuguese music, in an intimate and intergenerational atmosphere, characteristic of Casa das Artes.<\/p>\n\n\n\n<p>O <strong>Sounds of Time 2026<\/strong> will once again fill Arcos de Valdevez with music, culture and energy between February and March, with eight nights dedicated to the best of Portuguese music. At the Casa das Artes, audiences will experience intense, close-up and unforgettable concerts.<\/p>\n\n\n\n<p>And because Sons de Vez is about more than music, the region offers unique experiences:<\/p>\n\n\n\n<p><strong>\u2022 <\/strong>Rails in the <strong>Peneda-Ger\u00eas National Park<\/strong>;<\/p>\n\n\n\n<p><strong>\u2022<\/strong> Walks by the <strong>River Vez<\/strong>;<\/p>\n\n\n\n<p><strong>\u2022<\/strong> Authentic Minho cuisine;<\/p>\n\n\n\n<p><strong>\u2022 <\/strong>A historical heritage that invites you to discover every corner of the town. A Festival to feel, explore and taste.<\/p>\n\n\n\n<figure class=\"wp-block-image size-full\"><img loading=\"lazy\" decoding=\"async\" width=\"1024\" height=\"576\" src=\"https:\/\/carvalhahouse.pt\/wp-content\/uploads\/2026\/02\/image.png\" alt=\"\" class=\"wp-image-1295\" srcset=\"https:\/\/carvalhahouse.pt\/wp-content\/uploads\/2026\/02\/image.png 1024w, https:\/\/carvalhahouse.pt\/wp-content\/uploads\/2026\/02\/image-980x551.png 980w, https:\/\/carvalhahouse.pt\/wp-content\/uploads\/2026\/02\/image-480x270.png 480w\" sizes=\"(min-width: 0px) and (max-width: 480px) 480px, (min-width: 481px) and (max-width: 980px) 980px, (min-width: 981px) 1024px, 100vw\" \/><\/figure>\n\n\n\n<h1 class=\"wp-block-heading\">Proposal for a Complete Tourist Guide: Sons de Vez + Arcos de Valdevez<\/h1>\n\n\n\n<ul class=\"wp-block-list\">\n<li>The Festival: Held at Casa das Artes, eight nights of concerts between February 7 and March 28, 2026, in an intimate setting, with 100% Portuguese programming and top artists.<\/li>\n\n\n\n<li>Nature and Landscape - Peneda-Ger\u00eas National Park: Emblematic trails (Mezio, Soajo, Porta do Lindoso); Natural lagoons and impressive viewpoints; Preserved traditional villages. - River Vez and riverside areas: Ecovia do Vez (ideal for walking or cycling); River beaches and leisure areas; Canoeing and paddle-boarding in peaceful surroundings.<\/li>\n\n\n\n<li>Gastronomy: Arroz de sarrabulho, carne cachena, roj\u00f5es, truta do Vez; Local products: honey, cheeses, sausages, vinho verde; Restaurants that value traditional Minho cuisine.<\/li>\n\n\n\n<li>Culture and Heritage: Historic center with churches, bridges and manor houses; Sanctuary of Nossa Senhora da Peneda; Villages of Soajo and Sistelo (the \u201clittle Portuguese Tibet\u201d).<\/li>\n\n\n\n<li>Leisure and Activities: Mountain biking, trails, guided walks; Local markets and handicrafts; Complementary cultural program at Casa das Artes.<\/li>\n<\/ul>\n\n\n\n<h1 class=\"wp-block-heading\">Proposal for 1 and 2 day programs<\/h1>\n\n\n\n<p><strong>1-day program: Music + Nature<\/strong><\/p>\n\n\n\n<p><strong>Morning: <\/strong>Tour of <strong>Ecovia do Vez<\/strong> (Arcos \u2192 Vilela section); Caf\u00e9 in the historic center<\/p>\n\n\n\n<p><strong>Lunch: <\/strong>Typical restaurant with sarrabulho or trout<\/p>\n\n\n\n<p><strong>Afternoon: <\/strong>Visit to Soajo or Sistelo; Viewpoint and landscape photography<\/p>\n\n\n\n<p><strong>Evening: <\/strong>Concert of the <strong>Sounds of Time<\/strong> at Casa das Artes<\/p>\n\n\n\n<p><strong>Accommodation: <\/strong><a href=\"http:\/\/www.CarvalhaHouse.pt\"><strong>www.CarvalhaHouse.pt<\/strong><\/a><strong> Visit our website!... Check out our offers!...<\/strong><\/p>\n\n\n\n<ul class=\"wp-block-list\">\n<li><strong>2-day program: Total immersion:<\/strong><\/li>\n<\/ul>\n\n\n\n<ul class=\"wp-block-list\">\n<li><strong>Day 1 - Culture and Flavors:<\/strong><\/li>\n<\/ul>\n\n\n\n<p><strong>&nbsp;Tour of the historic center; Visit to the House of Arts; Gastronomic lunch<\/strong> regional<strong>;<\/strong> Afternoon in Sistelo (walkways and terraces)<strong>;<\/strong> Dinner in the center<strong>; <\/strong>Festival concert <a href=\"http:\/\/www.CarvalhaHouse.pt\"><strong>www.CarvalhaHouse.pt<\/strong><\/a><strong> Visit our website!...<\/strong><\/p>\n\n\n\n<ul class=\"wp-block-list\">\n<li><strong>Day 2 - Nature and Adventure: <\/strong><\/li>\n<\/ul>\n\n\n\n<p>Morning at <strong>Peneda-Ger\u00eas National Park<\/strong> (Porta do Mezio); Short trail or interpretative visit; Lunch in Soajo; Relaxing afternoon by the River Vez; Return with a stop for local products; Pick up at <a href=\"http:\/\/www.CarvalhaHouse.pt\"><strong>www.CarvalhaHouse.pt<\/strong><\/a><strong> Check out our offers!...<\/strong><\/p>\n\n\n\n<p><strong>Come and be surprised!<\/strong><\/p>","protected":false},"excerpt":{"rendered":"<p>O Sons de Vez \u00e9 um dos festivais mais emblem\u00e1ticos dedicados exclusivamente \u00e0 m\u00fasica portuguesa. Realiza\u2011se em Arcos de Valdevez, na Casa das Artes, e \u00e9 tradicionalmente o primeiro festival do ano em Portugal. Em 2026, celebra quase um quarto de s\u00e9culo de hist\u00f3ria. O Festival de 2026 decorre ao longo de 8 s\u00e1bados, entre: [&hellip;]<\/p>\n","protected":false},"author":2,"featured_media":1296,"comment_status":"open","ping_status":"closed","sticky":false,"template":"","format":"standard","meta":{"_et_pb_use_builder":"off","_et_pb_old_content":"<!-- wp:paragraph -->\n<p>O <strong>Sons de Vez<\/strong> \u00e9 um dos festivais mais emblem\u00e1ticos dedicados exclusivamente \u00e0 m\u00fasica portuguesa. Realiza\u2011se em <strong>Arcos de Valdevez<\/strong>, na <strong>Casa das Artes<\/strong>, e \u00e9 tradicionalmente o <strong>primeiro festival do ano<\/strong> em Portugal. Em 2026, celebra quase <strong>um quarto de s\u00e9culo de hist\u00f3ria<\/strong>.<\/p>\n<!-- \/wp:paragraph -->\n\n<!-- wp:paragraph -->\n<p>O Festival de 2026 decorre ao longo de 8 s\u00e1bados, entre: 7 de fevereiro e 28 de mar\u00e7o de 2026 Todos os concertos come\u00e7am \u00e0s 22h00.<\/p>\n<!-- \/wp:paragraph -->\n\n<!-- wp:heading -->\n<h2 class=\"wp-block-heading\">O Cartaz completo integra 14 artistas que marcam presen\u00e7a nas 8 noites em que atuam:<\/h2>\n<!-- \/wp:heading -->\n\n<!-- wp:heading {\"level\":3} -->\n<h3 class=\"wp-block-heading\">7 fevereiro: \u2022Tiago Bettencourt&nbsp; \u2022 Rui Fernandes Quarteto<\/h3>\n<!-- \/wp:heading -->\n\n<!-- wp:heading {\"level\":3} -->\n<h3 class=\"wp-block-heading\">14 fevereiro: \u2022 Retimbrar&nbsp; \u2022Homem em Catarse<\/h3>\n<!-- \/wp:heading -->\n\n<!-- wp:heading {\"level\":3} -->\n<h3 class=\"wp-block-heading\">21 fevereiro: \u2022 Milhanas&nbsp; \u2022 Daniela Galhoz<\/h3>\n<!-- \/wp:heading -->\n\n<!-- wp:heading {\"level\":3} -->\n<h3 class=\"wp-block-heading\">28 fevereiro: \u2022 A Garota N\u00e3o&nbsp; \u2022 Amy Rigby<\/h3>\n<!-- \/wp:heading -->\n\n<!-- wp:heading {\"level\":3} -->\n<h3 class=\"wp-block-heading\">7 mar\u00e7o: \u2022 Carl\u00e3o<\/h3>\n<!-- \/wp:heading -->\n\n<!-- wp:heading {\"level\":3} -->\n<h3 class=\"wp-block-heading\">14 mar\u00e7o: \u2022 PAUS&nbsp; \u2022 MONCHMONCH<\/h3>\n<!-- \/wp:heading -->\n\n<!-- wp:heading {\"level\":3} -->\n<h3 class=\"wp-block-heading\">21 mar\u00e7o: \u2022 Best Youth&nbsp; \u2022 Ardours<\/h3>\n<!-- \/wp:heading -->\n\n<!-- wp:heading {\"level\":3} -->\n<h3 class=\"wp-block-heading\">28 mar\u00e7o: \u2022 Delfins<\/h3>\n<!-- \/wp:heading -->\n\n<!-- wp:paragraph -->\n<p>Os <strong>destaques da edi\u00e7\u00e3o,<\/strong> s\u00e3o naturalmente o regresso de nomes marcantes como <strong>Tiago Bettencourt<\/strong>, <strong>Carl\u00e3o<\/strong> e <strong>Delfins<\/strong>. Forte aposta na diversidade da m\u00fasica portuguesa contempor\u00e2nea, num ambiente intimista e intergeracional, caracter\u00edstico da Casa das Artes.<\/p>\n<!-- \/wp:paragraph -->\n\n<!-- wp:paragraph -->\n<p>O <strong>Sons de Vez 2026<\/strong> volta a encher Arcos de Valdevez de m\u00fasica, cultura e energia, entre fevereiro e mar\u00e7o, com oito noites dedicadas ao melhor da cria\u00e7\u00e3o musical portuguesa. Na Casa das Artes, o p\u00fablico vive concertos intensos, pr\u00f3ximos e inesquec\u00edveis.<\/p>\n<!-- \/wp:paragraph -->\n\n<!-- wp:paragraph -->\n<p>E porque o Sons de Vez \u00e9 mais do que m\u00fasica, a regi\u00e3o oferece experi\u00eancias \u00fanicas: <strong>\u2022 <\/strong>Trilhos no <strong>Parque Nacional da Peneda\u2011Ger\u00eas<\/strong>; <strong>\u2022<\/strong> Passeios junto ao <strong>rio Vez<\/strong>; <strong>\u2022<\/strong> Gastronomia minhota aut\u00eantica; <strong>\u2022 <\/strong>Um patrim\u00f3nio hist\u00f3rico que convida a descobrir cada recanto da Vila. Um Festival para sentir, explorar e saborear.<\/p>\n<!-- \/wp:paragraph -->\n\n<!-- wp:image {\"id\":1295,\"sizeSlug\":\"full\",\"linkDestination\":\"none\"} -->\n<figure class=\"wp-block-image size-full\"><img src=\"https:\/\/carvalhahouse.pt\/wp-content\/uploads\/2026\/02\/image.png\" alt=\"\" class=\"wp-image-1295\"\/><\/figure>\n<!-- \/wp:image -->\n\n<!-- wp:heading {\"level\":1} -->\n<h1 class=\"wp-block-heading\">Proposta de Guia Tur\u00edstico Completo: Sons de Vez + Arcos de Valdevez<\/h1>\n<!-- \/wp:heading -->\n\n<!-- wp:heading {\"level\":6} -->\n<h6 class=\"wp-block-heading\">\u2022&nbsp;&nbsp;&nbsp;&nbsp;&nbsp; O Festival: Realiza\u2011se na Casa das Artes, Oito noites de concertos entre 7 de fevereiro e 28 de mar\u00e7o de 2026, em Ambiente intimista, programa\u00e7\u00e3o 100% portuguesa e artistas de refer\u00eancia<\/h6>\n<!-- \/wp:heading -->\n\n<!-- wp:heading {\"level\":6} -->\n<h6 class=\"wp-block-heading\">\u2022&nbsp;&nbsp;&nbsp;&nbsp;&nbsp; Natureza e Paisagem - Parque Nacional da Peneda\u2011Ger\u00eas: Trilhos emblem\u00e1ticos (Mezio, Soajo, Porta do Lindoso); Lagoas naturais e miradouros impressionantes; Aldeias tradicionais preservadas. - Rio Vez e zonas ribeirinhas: Ecovia do Vez (ideal para caminhada ou bicicleta); Praias fluviais e \u00e1reas de lazer; Canoagem e paddle em ambiente tranquilo<\/h6>\n<!-- \/wp:heading -->\n\n<!-- wp:heading {\"level\":6} -->\n<h6 class=\"wp-block-heading\">\u2022&nbsp;&nbsp;&nbsp;&nbsp;&nbsp; Gastronomia: Arroz de sarrabulho, carne cachena, roj\u00f5es, truta do Vez; Produtos locais: mel, queijos, enchidos, vinho verde; Restaurantes que valorizam a cozinha tradicional minhota<\/h6>\n<!-- \/wp:heading -->\n\n<!-- wp:heading {\"level\":6} -->\n<h6 class=\"wp-block-heading\">\u2022&nbsp;&nbsp;&nbsp;&nbsp;&nbsp; Cultura e Patrim\u00f3nio: Centro hist\u00f3rico com igrejas, pontes e casas senhoriais; Santu\u00e1rio de Nossa Senhora da Peneda; Aldeias de Soajo e Sistelo (a \u201cpequena Tibete portuguesa\u201d)<\/h6>\n<!-- \/wp:heading -->\n\n<!-- wp:heading {\"level\":6} -->\n<h6 class=\"wp-block-heading\">\u2022&nbsp;&nbsp;&nbsp;&nbsp;&nbsp; Lazer e Atividades: BTT, trail, passeios guiados; Mercados locais e artesanato; Programa\u00e7\u00e3o cultural complementar na Casa das Artes<\/h6>\n<!-- \/wp:heading -->\n\n<!-- wp:heading {\"level\":1} -->\n<h1 class=\"wp-block-heading\">Proposta de Programas de 1 e 2 dias<\/h1>\n<!-- \/wp:heading -->\n\n<!-- wp:heading -->\n<h2 class=\"wp-block-heading\">\u2022&nbsp;&nbsp;&nbsp;&nbsp;&nbsp; Programa de 1 dia: M\u00fasica + Natureza<\/h2>\n<!-- \/wp:heading -->\n\n<!-- wp:paragraph -->\n<p><strong>Manh\u00e3: <\/strong>Passeio pela <strong>Ecovia do Vez<\/strong> (trecho Arcos \u2192 Vilela); Caf\u00e9 no centro hist\u00f3rico<\/p>\n<!-- \/wp:paragraph -->\n\n<!-- wp:paragraph -->\n<p><strong>Almo\u00e7o: <\/strong>Restaurante t\u00edpico com sarrabulho ou truta<\/p>\n<!-- \/wp:paragraph -->\n\n<!-- wp:paragraph -->\n<p><strong>Tarde: <\/strong>Visita ao Soajo ou Sistelo; Miradouro e fotografia de paisagem<\/p>\n<!-- \/wp:paragraph -->\n\n<!-- wp:paragraph -->\n<p><strong>Noite: <\/strong>Concerto do <strong>Sons de Vez<\/strong> na Casa das Artes<\/p>\n<!-- \/wp:paragraph -->\n\n<!-- wp:paragraph -->\n<p><strong>Alojamento: <\/strong><a href=\"http:\/\/www.CarvalhaHouse.pt\"><strong>www.CarvalhaHouse.pt<\/strong><\/a><strong> Visite o nosso Site!... Consulte as nossas Propostas!...<\/strong><\/p>\n<!-- \/wp:paragraph -->\n\n<!-- wp:list -->\n<ul class=\"wp-block-list\"><!-- wp:list-item -->\n<li><strong>Programa de 2 dias: Imers\u00e3o total:<\/strong><\/li>\n<!-- \/wp:list-item --><\/ul>\n<!-- \/wp:list -->\n\n<!-- wp:list -->\n<ul class=\"wp-block-list\"><!-- wp:list-item -->\n<li><strong>Dia 1 \u2013 Cultura e Sabores:<\/strong><\/li>\n<!-- \/wp:list-item --><\/ul>\n<!-- \/wp:list -->\n\n<!-- wp:paragraph -->\n<p><strong>&nbsp;Passeio pelo centro hist\u00f3rico; Visita \u00e0 Casa das Artes; Almo\u00e7o com gastronomia<\/strong> regional<strong>;<\/strong> Tarde em Sistelo (passadi\u00e7os e socalcos)<strong>;<\/strong> Jantar no centro<strong>; <\/strong>Concerto do festival; Recolher \u00e0 <a href=\"http:\/\/www.CarvalhaHouse.pt\"><strong>www.CarvalhaHouse.pt<\/strong><\/a><strong> Visite o nosso Site!...<\/strong><\/p>\n<!-- \/wp:paragraph -->\n\n<!-- wp:list -->\n<ul class=\"wp-block-list\"><!-- wp:list-item -->\n<li><strong>Dia 2 \u2013 Natureza e Aventura: <\/strong><\/li>\n<!-- \/wp:list-item --><\/ul>\n<!-- \/wp:list -->\n\n<!-- wp:paragraph -->\n<p>Manh\u00e3 no <strong>Parque Nacional da Peneda\u2011Ger\u00eas<\/strong> (Porta do Mezio); Trilho curto ou visita interpretativa; Almo\u00e7o em Soajo; Tarde relaxante junto ao rio Vez; Regresso com paragem para produtos locais; Recolher \u00e0 <a href=\"http:\/\/www.CarvalhaHouse.pt\"><strong>www.CarvalhaHouse.pt<\/strong><\/a><strong> Consulte as nossas Propostas!...<\/strong><\/p>\n<!-- \/wp:paragraph -->\n\n<!-- wp:paragraph -->\n<p><strong>Venha Surpreender-se!<\/strong><\/p>\n<!-- \/wp:paragraph -->","_et_gb_content_width":"","footnotes":""},"categories":[27],"tags":[],"hf_cat_post":[],"class_list":["post-1294","post","type-post","status-publish","format-standard","has-post-thumbnail","hentry","category-eventos"],"_links":{"self":[{"href":"https:\/\/carvalhahouse.pt\/en\/wp-json\/wp\/v2\/posts\/1294","targetHints":{"allow":["GET"]}}],"collection":[{"href":"https:\/\/carvalhahouse.pt\/en\/wp-json\/wp\/v2\/posts"}],"about":[{"href":"https:\/\/carvalhahouse.pt\/en\/wp-json\/wp\/v2\/types\/post"}],"author":[{"embeddable":true,"href":"https:\/\/carvalhahouse.pt\/en\/wp-json\/wp\/v2\/users\/2"}],"replies":[{"embeddable":true,"href":"https:\/\/carvalhahouse.pt\/en\/wp-json\/wp\/v2\/comments?post=1294"}],"version-history":[{"count":0,"href":"https:\/\/carvalhahouse.pt\/en\/wp-json\/wp\/v2\/posts\/1294\/revisions"}],"wp:featuredmedia":[{"embeddable":true,"href":"https:\/\/carvalhahouse.pt\/en\/wp-json\/wp\/v2\/media\/1296"}],"wp:attachment":[{"href":"https:\/\/carvalhahouse.pt\/en\/wp-json\/wp\/v2\/media?parent=1294"}],"wp:term":[{"taxonomy":"category","embeddable":true,"href":"https:\/\/carvalhahouse.pt\/en\/wp-json\/wp\/v2\/categories?post=1294"},{"taxonomy":"post_tag","embeddable":true,"href":"https:\/\/carvalhahouse.pt\/en\/wp-json\/wp\/v2\/tags?post=1294"},{"taxonomy":"hf_cat_post","embeddable":true,"href":"https:\/\/carvalhahouse.pt\/en\/wp-json\/wp\/v2\/hf_cat_post?post=1294"}],"curies":[{"name":"wp","href":"https:\/\/api.w.org\/{rel}","templated":true}]}}